{"id":634,"date":"2012-03-16T00:27:36","date_gmt":"2012-03-15T23:27:36","guid":{"rendered":"http:\/\/agora.xtec.cat\/ies-jaumebalmes\/general\/premis-a-la-iii-mostra-de-recerca-de-leixample\/"},"modified":"2012-03-16T00:27:36","modified_gmt":"2012-03-15T23:27:36","slug":"premis-a-la-iii-mostra-de-recerca-de-leixample","status":"publish","type":"post","link":"https:\/\/agora.xtec.cat\/ies-jaumebalmes\/general\/premis-a-la-iii-mostra-de-recerca-de-leixample\/","title":{"rendered":"Premis a la III Mostra de Recerca de l&#8217;Eixample"},"content":{"rendered":"<p><strong>El jurat de la III Mostra de Recerca de l&#8217;Eixample<\/strong> que ha valorat els treballs presentats i triat els 3 finalistes que passarien a la Recerca Jove de Barcelona <strong>ha seleccionat 2 de l\u00e2??Institut Jaume Balmes<\/strong><br \/>\n<\/p>\n<ul>\n<li><em><strong>L&#8217;escola, els anys seixanta i setanta&#8230; <\/strong><\/em>De <strong>Marc Alabart<\/strong> i tutoritzat per el Sr. Ricard Serrano<br \/>\n  <\/li>\n<li><em><strong>La f\u00edsica aplicada al rem: Estudi de la ciavoga<\/strong><\/em>, de <strong>Marc Ferrer<\/strong> i tutoritzat per la Sra. Teresa Canalias,<br \/>\n   <\/li>\n<\/ul>\n<p>S\u00f3n mereixedors, tant l&#8217;un com l&#8217;altre, d&#8217;aquest premi per l&#8217;originalitat del tema triat, la bona expressi\u00f3 ling\u00fa\u00edstica, la concreci\u00f3 metodol\u00f2gica, hip\u00f2tesi, objectius, conclusions a les que arriben i el seu rigor cient\u00edfic&#8230;\n<\/p>\n<p><strong>Felicitats i molta sort <\/strong>en\u00a0 la <a target=\"_blank\" href=\"http:\/\/www.edubcn.cat\/ca\/suport_educatiu_recursos\/esdeveniments\/mostra_de_recerca_jove_bcn_2011\"><strong>Mostra de Recerca Jove a BCN<\/strong><\/a> del curs 2011-2012 que se celebrar\u00e0 en el marc de la Festa de la Ci\u00e8ncia organitzada per l\u00e2??Institut de Cultura de Barcelona que tindr\u00e0 lloc <strong>els dies 16 i 17 de juny al Parc de la Ciutadella<\/strong>.<\/p>\n","protected":false},"excerpt":{"rendered":"<p>El jurat de la III Mostra de Recerca de l&#8217;Eixample que ha valorat els treballs presentats i triat els 3 finalistes que passarien a la Recerca Jove de Barcelona ha seleccionat 2 de l\u00e2??Institut Jaume Balmes<\/p>\n<ul>\n<li>L&#8217;escola, els anys seixanta i setanta&#8230; De Marc Alabart i&hellip;  <a href=\"https:\/\/agora.xtec.cat\/ies-jaumebalmes\/general\/premis-a-la-iii-mostra-de-recerca-de-leixample\/\" title=\"Read Premis a la III Mostra de Recerca de l&#8217;Eixample\">Llegeix m\u00e9s\u00bb<\/a><br \/>\n","protected":false},"author":3,"featured_media":0,"comment_status":"open","ping_status":"open","sticky":false,"template":"","format":"standard","meta":{"_bbp_topic_count":0,"_bbp_reply_count":0,"_bbp_total_topic_count":0,"_bbp_total_reply_count":0,"_bbp_voice_count":0,"_bbp_anonymous_reply_count":0,"_bbp_topic_count_hidden":0,"_bbp_reply_count_hidden":0,"_bbp_forum_subforum_count":0,"footnotes":""},"categories":[1],"tags":[97,100],"class_list":["post-634","post","type-post","status-publish","format-standard","hentry","category-general","tag-intraweb","tag-noticies"],"post_mailing_queue_ids":[],"_links":{"self":[{"href":"https:\/\/agora.xtec.cat\/ies-jaumebalmes\/wp-json\/wp\/v2\/posts\/634","targetHints":{"allow":["GET"]}}],"collection":[{"href":"https:\/\/agora.xtec.cat\/ies-jaumebalmes\/wp-json\/wp\/v2\/posts"}],"about":[{"href":"https:\/\/agora.xtec.cat\/ies-jaumebalmes\/wp-json\/wp\/v2\/types\/post"}],"author":[{"embeddable":true,"href":"https:\/\/agora.xtec.cat\/ies-jaumebalmes\/wp-json\/wp\/v2\/users\/3"}],"replies":[{"embeddable":true,"href":"https:\/\/agora.xtec.cat\/ies-jaumebalmes\/wp-json\/wp\/v2\/comments?post=634"}],"version-history":[{"count":0,"href":"https:\/\/agora.xtec.cat\/ies-jaumebalmes\/wp-json\/wp\/v2\/posts\/634\/revisions"}],"wp:attachment":[{"href":"https:\/\/agora.xtec.cat\/ies-jaumebalmes\/wp-json\/wp\/v2\/media?parent=634"}],"wp:term":[{"taxonomy":"category","embeddable":true,"href":"https:\/\/agora.xtec.cat\/ies-jaumebalmes\/wp-json\/wp\/v2\/categories?post=634"},{"taxonomy":"post_tag","embeddable":true,"href":"https:\/\/agora.xtec.cat\/ies-jaumebalmes\/wp-json\/wp\/v2\/tags?post=634"}],"curies":[{"name":"wp","href":"https:\/\/api.w.org\/{rel}","templated":true}]}}