{"id":630,"date":"2012-02-27T23:32:24","date_gmt":"2012-02-27T22:32:24","guid":{"rendered":"http:\/\/agora.xtec.cat\/ies-jaumebalmes\/general\/la-importancia-de-les-llenguees-estrangeres-a-linstitut-jaume-balmes\/"},"modified":"2012-02-27T23:32:24","modified_gmt":"2012-02-27T22:32:24","slug":"la-importancia-de-les-llenguees-estrangeres-a-linstitut-jaume-balmes","status":"publish","type":"post","link":"https:\/\/agora.xtec.cat\/ies-jaumebalmes\/general\/la-importancia-de-les-llenguees-estrangeres-a-linstitut-jaume-balmes\/","title":{"rendered":"La import\u00e0ncia de les lleng\u00fces estrangeres a l&#8217;Institut Jaume Balmes"},"content":{"rendered":"<p><strong>Un tret caracter\u00edstic de l\u00e2??Institut Jaume Balmes \u00e9s la possibilitat de cursar<\/strong>, tan com a primera o segona llengua estrangera, <strong>Alemany, Angl\u00e8s, Franc\u00e8s o Itali\u00e0<\/strong>. El Departament de lleng\u00fces estrangeres de l\u00e2??institut vol fer p\u00fabliques unes reflexions:<br \/>\n  \n<\/p>\n<ol>\n<li><a target=\"_blank\" href=\"index.php?module=Downloads&#038;func=prep_hand_out&#038;lid=433\">Les lleng\u00fces estrangeres a l\u00e2??ESO<\/a><br \/>\n  <\/li>\n<li><a target=\"_blank\" href=\"index.php?module=Downloads&#038;func=prep_hand_out&#038;lid=432\">Les lleng\u00fces estrangeres al Batxillerat <\/a><br \/>\n  <\/li>\n<li><a target=\"_blank\" href=\"index.php?module=Downloads&#038;func=prep_hand_out&#038;lid=431\">50 raons per parlar Franc\u00e8s a Catalunya<\/a>\u00a0<\/li>\n<\/ol>\n<p>A m\u00e9s es t\u00e9 la possibilitat de participar amb intercanvis. Aquest curs s\u00e2??han fet intercanvis a Alemanya, It\u00e0lia i Fran\u00e7a.Aqu\u00ed teniu una selecci\u00f3 de fotos de l\u00e2??intercanvi d\u00e2??Itali\u00e0 d\u00e2??aquest curs:<br \/>\n<br \/><a target=\"_blank\" href=\"\/ies-jaumebalmes\/cpg1410\/thumbnails.php?album=124\"><img decoding=\"async\" style=\"width: 250px; height: 185px;\" src=\"\/ies-jaumebalmes\/cpg1410\/albums\/201111IntercanviGenova\/normal_201111__MG_8427.jpg\" \/><\/a> <a target=\"_blank\" href=\"\/ies-jaumebalmes\/cpg1410\/thumbnails.php?album=124\"> <img decoding=\"async\" style=\"width: 250px; height: 185px;\" src=\"\/ies-jaumebalmes\/cpg1410\/albums\/201111IntercanviGenova\/normal_201111_IMG_5394.jpg\" \/><\/a><\/p>\n","protected":false},"excerpt":{"rendered":"<p>Un tret caracter\u00edstic de l\u00e2??Institut Jaume Balmes \u00e9s la possibilitat de cursar, tan com a primera o segona llengua estrangera, Alemany, Angl\u00e8s, Franc\u00e8s o Itali\u00e0. El Departament de lleng\u00fces estrangeres de l\u00e2??institut vol fer p\u00fabliques unes reflexions:<\/p>\n<ol>\n<li><a target=\"_blank\" href=\"index.php?module=Downloads&#038;func=prep_hand_out&#038;lid=433\">Les lleng\u00fces estrangeres a l\u00e2??ESO<\/a><br \/>\n&hellip;  <a href=\"https:\/\/agora.xtec.cat\/ies-jaumebalmes\/general\/la-importancia-de-les-llenguees-estrangeres-a-linstitut-jaume-balmes\/\" title=\"Read La import\u00e0ncia de les lleng\u00fces estrangeres a l&#8217;Institut Jaume Balmes\">Llegeix m\u00e9s\u00bb<\/a><\/p>\n","protected":false},"author":3,"featured_media":0,"comment_status":"open","ping_status":"open","sticky":false,"template":"","format":"standard","meta":{"_bbp_topic_count":0,"_bbp_reply_count":0,"_bbp_total_topic_count":0,"_bbp_total_reply_count":0,"_bbp_voice_count":0,"_bbp_anonymous_reply_count":0,"_bbp_topic_count_hidden":0,"_bbp_reply_count_hidden":0,"_bbp_forum_subforum_count":0,"footnotes":""},"categories":[1],"tags":[97,100],"class_list":["post-630","post","type-post","status-publish","format-standard","hentry","category-general","tag-intraweb","tag-noticies"],"post_mailing_queue_ids":[],"_links":{"self":[{"href":"https:\/\/agora.xtec.cat\/ies-jaumebalmes\/wp-json\/wp\/v2\/posts\/630","targetHints":{"allow":["GET"]}}],"collection":[{"href":"https:\/\/agora.xtec.cat\/ies-jaumebalmes\/wp-json\/wp\/v2\/posts"}],"about":[{"href":"https:\/\/agora.xtec.cat\/ies-jaumebalmes\/wp-json\/wp\/v2\/types\/post"}],"author":[{"embeddable":true,"href":"https:\/\/agora.xtec.cat\/ies-jaumebalmes\/wp-json\/wp\/v2\/users\/3"}],"replies":[{"embeddable":true,"href":"https:\/\/agora.xtec.cat\/ies-jaumebalmes\/wp-json\/wp\/v2\/comments?post=630"}],"version-history":[{"count":0,"href":"https:\/\/agora.xtec.cat\/ies-jaumebalmes\/wp-json\/wp\/v2\/posts\/630\/revisions"}],"wp:attachment":[{"href":"https:\/\/agora.xtec.cat\/ies-jaumebalmes\/wp-json\/wp\/v2\/media?parent=630"}],"wp:term":[{"taxonomy":"category","embeddable":true,"href":"https:\/\/agora.xtec.cat\/ies-jaumebalmes\/wp-json\/wp\/v2\/categories?post=630"},{"taxonomy":"post_tag","embeddable":true,"href":"https:\/\/agora.xtec.cat\/ies-jaumebalmes\/wp-json\/wp\/v2\/tags?post=630"}],"curies":[{"name":"wp","href":"https:\/\/api.w.org\/{rel}","templated":true}]}}