{"id":622,"date":"2012-01-11T23:29:46","date_gmt":"2012-01-11T22:29:46","guid":{"rendered":"http:\/\/agora.xtec.cat\/ies-jaumebalmes\/general\/programa-seguiment-faltes-dassistencia-i-calendari-de-les-activitats-de-gener-febrer-2012\/"},"modified":"2012-01-11T23:29:46","modified_gmt":"2012-01-11T22:29:46","slug":"programa-seguiment-faltes-dassistencia-i-calendari-de-les-activitats-de-gener-febrer-2012","status":"publish","type":"post","link":"https:\/\/agora.xtec.cat\/ies-jaumebalmes\/general\/programa-seguiment-faltes-dassistencia-i-calendari-de-les-activitats-de-gener-febrer-2012\/","title":{"rendered":"Programa de seguiment de les FALTES D&#8217;ASSIST\u00c3?NCIA i Calendari de les activitats de gener-febrer 2012"},"content":{"rendered":"<p><strong>Iniciem el 2012 fent un pas molt important en la millora de la comunicaci\u00f3 amb les fam\u00edlies dels nostres alumnes<\/strong>. Aquest curs ja n&#8217;hem fet uns quants: m\u00e9s informaci\u00f3 al web, tramesa dels comunicats per correu electr\u00f2nic, enviament del calendari mensual de les activitats del centre i ara us presentem el nou programa de seguiment de les faltes d&#8217;assist\u00e8ncia i retards.\n<\/p>\n<p><\/p>\n<p>A m\u00e9s d\u00e2??anunciar-vos que ja teniu disponible el <strong><a target=\"_blank\" href=\"\/ies-jaumebalmes\/intranet\/index.php?module=Downloads&#038;func=prep_hand_out&#038;lid=411\">Calendari de les activitats pels mesos de gener-febrer<\/a> <\/strong>a <a href=\"\/ies-jaumebalmes\/intranet\/index.php?module=Downloads&#038;func=sublevel&#038;cid=9&#038;start=0\">Documents P\u00fablics<\/a>\u00a0 i recordar-vos unes reunions importants:\n<\/p>\n<ul>\n<li><strong>Fam\u00edlies de 3r d&#8217;ESO:<\/strong> el proper <strong>dimecres 18\/1\/2012 a les 19h<\/strong>. hi haur\u00e0 la <strong>reuni\u00f3 informativa per a la sortida d&#8217;esqu\u00ed de fons<\/strong>.<\/li>\n<li><strong>Fam\u00edlies de 1r i 2n d&#8217;ESO<\/strong>: el proper dimecres <strong>18\/1\/2012 a les 20h<\/strong>. hi haur\u00e0 la <strong>reuni\u00f3 informativa per a la sortida d&#8217;esqu\u00ed de pista.<\/strong><br \/>\n  <\/li>\n<\/ul>\n<p>volem presentar-vos el<br \/>\n  \n<\/p>\n<h3>Programa de SEGUIMENT DE LES FALTES D&#8217;ASSIST\u00c3?NCIA<br \/>\n<\/h3>\n<p>Des del mes de desembre el professorat ja est\u00e0 introduint totes les faltes d&#8217;assist\u00e8ncia, retards, expulsions (que han d&#8217;acompanyar-se del paper groc) i les incid\u00e8ncies (han d&#8217;anar acompanyades de nota a l&#8217;agenda) en una <strong>aplicaci\u00f3 web <\/strong>a la qual ja podeu accedir a trav\u00e9s del seg\u00fcent enlla\u00e7:<br \/>\n  <br \/> <a href=\"http:\/\/ies-jaumebalmes.xtec.cat\/families\" target=\"_blank\"><font size=\"4\">http:\/\/ies-jaumebalmes.xtec.cat\/families<\/font><\/a><\/p>\n","protected":false},"excerpt":{"rendered":"<p>Iniciem el 2012 fent un pas molt important en la millora de la comunicaci\u00f3 amb les fam\u00edlies dels nostres alumnes. Aquest curs ja n&#8217;hem fet uns quants: m\u00e9s informaci\u00f3 al web, tramesa dels comunicats per correu electr\u00f2nic, enviament del calendari mensual de les activitats del&hellip;  <a href=\"https:\/\/agora.xtec.cat\/ies-jaumebalmes\/general\/programa-seguiment-faltes-dassistencia-i-calendari-de-les-activitats-de-gener-febrer-2012\/\" title=\"Read Programa de seguiment de les FALTES D&#8217;ASSIST\u00c3?NCIA i Calendari de les activitats de gener-febrer 2012\">Llegeix m\u00e9s\u00bb<\/a><\/p>\n","protected":false},"author":3,"featured_media":0,"comment_status":"open","ping_status":"open","sticky":false,"template":"","format":"standard","meta":{"_bbp_topic_count":0,"_bbp_reply_count":0,"_bbp_total_topic_count":0,"_bbp_total_reply_count":0,"_bbp_voice_count":0,"_bbp_anonymous_reply_count":0,"_bbp_topic_count_hidden":0,"_bbp_reply_count_hidden":0,"_bbp_forum_subforum_count":0,"footnotes":""},"categories":[1],"tags":[97,100],"class_list":["post-622","post","type-post","status-publish","format-standard","hentry","category-general","tag-intraweb","tag-noticies"],"post_mailing_queue_ids":[],"_links":{"self":[{"href":"https:\/\/agora.xtec.cat\/ies-jaumebalmes\/wp-json\/wp\/v2\/posts\/622","targetHints":{"allow":["GET"]}}],"collection":[{"href":"https:\/\/agora.xtec.cat\/ies-jaumebalmes\/wp-json\/wp\/v2\/posts"}],"about":[{"href":"https:\/\/agora.xtec.cat\/ies-jaumebalmes\/wp-json\/wp\/v2\/types\/post"}],"author":[{"embeddable":true,"href":"https:\/\/agora.xtec.cat\/ies-jaumebalmes\/wp-json\/wp\/v2\/users\/3"}],"replies":[{"embeddable":true,"href":"https:\/\/agora.xtec.cat\/ies-jaumebalmes\/wp-json\/wp\/v2\/comments?post=622"}],"version-history":[{"count":0,"href":"https:\/\/agora.xtec.cat\/ies-jaumebalmes\/wp-json\/wp\/v2\/posts\/622\/revisions"}],"wp:attachment":[{"href":"https:\/\/agora.xtec.cat\/ies-jaumebalmes\/wp-json\/wp\/v2\/media?parent=622"}],"wp:term":[{"taxonomy":"category","embeddable":true,"href":"https:\/\/agora.xtec.cat\/ies-jaumebalmes\/wp-json\/wp\/v2\/categories?post=622"},{"taxonomy":"post_tag","embeddable":true,"href":"https:\/\/agora.xtec.cat\/ies-jaumebalmes\/wp-json\/wp\/v2\/tags?post=622"}],"curies":[{"name":"wp","href":"https:\/\/api.w.org\/{rel}","templated":true}]}}