{"id":617,"date":"2011-12-02T13:26:16","date_gmt":"2011-12-02T12:26:16","guid":{"rendered":"http:\/\/agora.xtec.cat\/ies-jaumebalmes\/general\/recollides-pel-banc-daliments-i-per-al-fundacio-assis-del-7-al-1612\/"},"modified":"2011-12-02T13:26:16","modified_gmt":"2011-12-02T12:26:16","slug":"recollides-pel-banc-daliments-i-per-al-fundacio-assis-del-7-al-1612","status":"publish","type":"post","link":"https:\/\/agora.xtec.cat\/ies-jaumebalmes\/general\/recollides-pel-banc-daliments-i-per-al-fundacio-assis-del-7-al-1612\/","title":{"rendered":"Recollides pel Banc d&#8217;Aliments i per a la Fundaci\u00f3 Ass\u00eds. Del 7 al 16\/12."},"content":{"rendered":"<p>\u00a0\n<\/p>\n<p><strong>19\/12\/2011: Gran \u00e8xit de la campanya. S\u00e2??han recollit 302 kg de llegums seques. <a target=\"_blank\" href=\"\/ies-jaumebalmes\/intranet\/index.php?module=Downloads&#038;func=prep_hand_out&#038;lid=409\">Aqu\u00ed teniu\u00a0 l\u00e2??informe.<br \/>\n  <br \/><\/a><\/strong>\n<\/p>\n<p><strong>Gr\u00e0cies a totes i tots que ho heu fet possible<\/strong>.<br \/>\n  \n<\/p>\n<p>====<br \/>\n  \n<\/p>\n<p>Campanya de <strong>recollida d\u00e2??aliments per al Banc d\u00e2??Aliments i <\/strong>de<strong> material per a la Fundaci\u00f3 Ass\u00eds (suport als sense sostre)<\/strong> comen\u00e7a el dimecres dia 7 i s\u00e2??allargar\u00e0 fins el divendres 16\/12. <strong>L\u00e2??horari de recollida \u00e9s a les 8,25 i a les 15,25<\/strong>. L\u00e2??alumnat de 4t voluntari \u00e9s el responsable de la recollida i ha passat per les diverses tutories de la resta del centre a presentar la campanya.\n<\/p>\n<p>\u00a0 <img decoding=\"async\" src=\"http:\/\/www.xtec.cat\/ies-jaumebalmes\/imatges\/recollidaBA.jpg\" \/>\u00a0\n<\/p>\n<h2><strong>I per a la Fundaci\u00f3 Ass\u00eds:<\/strong><br \/>\n<\/h2>\n<ul>\n<li> Sacs de dormir<\/li>\n<li>Raspalls de dents [nous]<\/li>\n<li>Sabates (a partor del n\u00fam 41)<\/li>\n<li>Cal\u00e7otes i mitjons per adults\u00a0<\/li>\n<\/ul>\n<p>A <a href=\"\/ies-jaumebalmes\/intranet\/index.php?module=Downloads&#038;func=sublevel&#038;cid=9&#038;start=0\">Documents P\u00fablics<\/a> trobareu: informaci\u00f3 sobre aquestes organitzacions i d\u00e2??aquesta campanya en particular.<br \/>\n  <\/p>\n","protected":false},"excerpt":{"rendered":"<p>\u00a0<\/p>\n<p>19\/12\/2011: Gran \u00e8xit de la campanya. S\u00e2??han recollit 302 kg de llegums seques. <a target=\"_blank\" href=\"\/ies-jaumebalmes\/intranet\/index.php?module=Downloads&#038;func=prep_hand_out&#038;lid=409\">Aqu\u00ed teniu\u00a0 l\u00e2??informe.<br \/>\n  <\/a><\/p>\n<p>Gr\u00e0cies a totes i tots que ho heu fet possible.<\/p>\n<p>====<\/p>\n<p>Campanya de recollida d\u00e2??aliments per al Banc d\u00e2??Aliments i de material per a&hellip;  <a href=\"https:\/\/agora.xtec.cat\/ies-jaumebalmes\/general\/recollides-pel-banc-daliments-i-per-al-fundacio-assis-del-7-al-1612\/\" title=\"Read Recollides pel Banc d&#8217;Aliments i per a la Fundaci\u00f3 Ass\u00eds. Del 7 al 16\/12.\">Llegeix m\u00e9s\u00bb<\/a><\/p>\n","protected":false},"author":3,"featured_media":0,"comment_status":"open","ping_status":"open","sticky":false,"template":"","format":"standard","meta":{"_bbp_topic_count":0,"_bbp_reply_count":0,"_bbp_total_topic_count":0,"_bbp_total_reply_count":0,"_bbp_voice_count":0,"_bbp_anonymous_reply_count":0,"_bbp_topic_count_hidden":0,"_bbp_reply_count_hidden":0,"_bbp_forum_subforum_count":0,"footnotes":""},"categories":[1],"tags":[97,100],"class_list":["post-617","post","type-post","status-publish","format-standard","hentry","category-general","tag-intraweb","tag-noticies"],"post_mailing_queue_ids":[],"_links":{"self":[{"href":"https:\/\/agora.xtec.cat\/ies-jaumebalmes\/wp-json\/wp\/v2\/posts\/617","targetHints":{"allow":["GET"]}}],"collection":[{"href":"https:\/\/agora.xtec.cat\/ies-jaumebalmes\/wp-json\/wp\/v2\/posts"}],"about":[{"href":"https:\/\/agora.xtec.cat\/ies-jaumebalmes\/wp-json\/wp\/v2\/types\/post"}],"author":[{"embeddable":true,"href":"https:\/\/agora.xtec.cat\/ies-jaumebalmes\/wp-json\/wp\/v2\/users\/3"}],"replies":[{"embeddable":true,"href":"https:\/\/agora.xtec.cat\/ies-jaumebalmes\/wp-json\/wp\/v2\/comments?post=617"}],"version-history":[{"count":0,"href":"https:\/\/agora.xtec.cat\/ies-jaumebalmes\/wp-json\/wp\/v2\/posts\/617\/revisions"}],"wp:attachment":[{"href":"https:\/\/agora.xtec.cat\/ies-jaumebalmes\/wp-json\/wp\/v2\/media?parent=617"}],"wp:term":[{"taxonomy":"category","embeddable":true,"href":"https:\/\/agora.xtec.cat\/ies-jaumebalmes\/wp-json\/wp\/v2\/categories?post=617"},{"taxonomy":"post_tag","embeddable":true,"href":"https:\/\/agora.xtec.cat\/ies-jaumebalmes\/wp-json\/wp\/v2\/tags?post=617"}],"curies":[{"name":"wp","href":"https:\/\/api.w.org\/{rel}","templated":true}]}}