{"id":612,"date":"2011-11-02T23:00:47","date_gmt":"2011-11-02T22:00:47","guid":{"rendered":"http:\/\/agora.xtec.cat\/ies-jaumebalmes\/general\/1r-premi-del-programa-argo-per-a-un-video-realitzat-per-alumnat-del-centre\/"},"modified":"2011-11-02T23:00:47","modified_gmt":"2011-11-02T22:00:47","slug":"1r-premi-del-programa-argo-per-a-un-video-realitzat-per-alumnat-del-centre","status":"publish","type":"post","link":"https:\/\/agora.xtec.cat\/ies-jaumebalmes\/general\/1r-premi-del-programa-argo-per-a-un-video-realitzat-per-alumnat-del-centre\/","title":{"rendered":"1r premi a un v\u00eddeo realitzat per alumnat del centre de 2n de BTX"},"content":{"rendered":"<p> Avui 2\/11\/2011 s\u00e2??han lliurat els premis alS treball realitzats durant el curs 2010-2011 dins del projecte: <strong><a target=\"_blank\" href=\"http:\/\/elnostrefuturenergetic.cat\/\">El nostre futur energ\u00e8tic<\/a>.<\/strong> El nostre centre ha estat guardonat amb el <strong>1r Premi de la categoria 1: Debat general<\/strong>. El premi \u00e9s\u00a0 <strong>per un\u00a0 v\u00eddeo titolat:<a target=\"_blank\" href=\"http:\/\/elnostrefuturenergetic.cat\/videos-n-El_vent_un_instrument_de_l_orquestra_energetica-vid-32-c-1.html\">\u00e2??El vent, un isntrument de l\u00e2??orquestra energ\u00e8tica\u00e2?\u009d<\/a><\/strong> que v\u00e0n realitzar un <strong>grup d\u00e2??alumnes de 2n de Batxillerat ( Marta Mart\u00edn, Samuel Nel\u00b7lo, Carolina Bartomeu, Laia Catas\u00fas, Elisabet Chiu, Pau Mar\u00edn, Helena Rovira i In\u00e9s S\u00e1nchez) coordinadats per la professora Catalina Sureda.<\/strong><img decoding=\"async\" src=\"http:\/\/www.xtec.cat\/ies-jaumebalmes\/imatges\/20111102premi.jpg\" \/>\n<\/p>\n<p>Felicitats als premiats i que gaudiu del <a target=\"_blank\" href=\"http:\/\/elnostrefuturenergetic.cat\/videos-n-El_vent_un_instrument_de_l_orquestra_energetica-vid-32-c-1.html\">v\u00eddeo<\/a>.<br \/>\n  <\/p>\n","protected":false},"excerpt":{"rendered":"<p> Avui 2\/11\/2011 s\u00e2??han lliurat els premis alS treball realitzats durant el curs 2010-2011 dins del projecte: <a target=\"_blank\" href=\"http:\/\/elnostrefuturenergetic.cat\/\">El nostre futur energ\u00e8tic<\/a>. El nostre centre ha estat guardonat amb el 1r Premi de la categoria 1: Debat general. El premi \u00e9s\u00a0 per un\u00a0 v\u00eddeo&hellip;  <a href=\"https:\/\/agora.xtec.cat\/ies-jaumebalmes\/general\/1r-premi-del-programa-argo-per-a-un-video-realitzat-per-alumnat-del-centre\/\" title=\"Read 1r premi a un v\u00eddeo realitzat per alumnat del centre de 2n de BTX\">Llegeix m\u00e9s\u00bb<\/a><\/p>\n","protected":false},"author":3,"featured_media":0,"comment_status":"open","ping_status":"open","sticky":false,"template":"","format":"standard","meta":{"_bbp_topic_count":0,"_bbp_reply_count":0,"_bbp_total_topic_count":0,"_bbp_total_reply_count":0,"_bbp_voice_count":0,"_bbp_anonymous_reply_count":0,"_bbp_topic_count_hidden":0,"_bbp_reply_count_hidden":0,"_bbp_forum_subforum_count":0,"footnotes":""},"categories":[1],"tags":[97,100],"class_list":["post-612","post","type-post","status-publish","format-standard","hentry","category-general","tag-intraweb","tag-noticies"],"post_mailing_queue_ids":[],"_links":{"self":[{"href":"https:\/\/agora.xtec.cat\/ies-jaumebalmes\/wp-json\/wp\/v2\/posts\/612","targetHints":{"allow":["GET"]}}],"collection":[{"href":"https:\/\/agora.xtec.cat\/ies-jaumebalmes\/wp-json\/wp\/v2\/posts"}],"about":[{"href":"https:\/\/agora.xtec.cat\/ies-jaumebalmes\/wp-json\/wp\/v2\/types\/post"}],"author":[{"embeddable":true,"href":"https:\/\/agora.xtec.cat\/ies-jaumebalmes\/wp-json\/wp\/v2\/users\/3"}],"replies":[{"embeddable":true,"href":"https:\/\/agora.xtec.cat\/ies-jaumebalmes\/wp-json\/wp\/v2\/comments?post=612"}],"version-history":[{"count":0,"href":"https:\/\/agora.xtec.cat\/ies-jaumebalmes\/wp-json\/wp\/v2\/posts\/612\/revisions"}],"wp:attachment":[{"href":"https:\/\/agora.xtec.cat\/ies-jaumebalmes\/wp-json\/wp\/v2\/media?parent=612"}],"wp:term":[{"taxonomy":"category","embeddable":true,"href":"https:\/\/agora.xtec.cat\/ies-jaumebalmes\/wp-json\/wp\/v2\/categories?post=612"},{"taxonomy":"post_tag","embeddable":true,"href":"https:\/\/agora.xtec.cat\/ies-jaumebalmes\/wp-json\/wp\/v2\/tags?post=612"}],"curies":[{"name":"wp","href":"https:\/\/api.w.org\/{rel}","templated":true}]}}