{"id":610,"date":"2011-11-01T20:53:26","date_gmt":"2011-11-01T19:53:26","guid":{"rendered":"http:\/\/agora.xtec.cat\/ies-jaumebalmes\/general\/calendari-de-les-activitats-del-centre-de-novembre-de-2011\/"},"modified":"2011-11-01T20:53:26","modified_gmt":"2011-11-01T19:53:26","slug":"calendari-de-les-activitats-del-centre-de-novembre-de-2011","status":"publish","type":"post","link":"https:\/\/agora.xtec.cat\/ies-jaumebalmes\/general\/calendari-de-les-activitats-del-centre-de-novembre-de-2011\/","title":{"rendered":"Calendari de les activitats del centre de Novembre de 2011"},"content":{"rendered":"<p>Ja teniu disponible <a href=\"index.php?module=Downloads&#038;func=prep_hand_out&#038;lid=381\">el calendari de les activitats del centre pel mes de novembre<\/a>.\n<\/p>\n<p>Destaquem d&#8217;entre les novetats que hem penjat aquest mes a la IntraWeb: aquestes:<br \/>\n  \n<\/p>\n<ul>\n<li>A la <a href=\"index.php?module=IWwebbox&#038;ref=galeria\" target=\"_blank\">GALERIA MULTIMEDIA<\/a>: podeu trobar una selecci\u00f3 de fotos de les diferents activitats i sortides realitzades durant el mes d&#8217;octubre de 2011<\/li>\n<li>A <a href=\"http:\/\/goog_1628757095\/\" target=\"_blank\">DOCUMENTS P\u00c3?BLICS<\/a><a href=\"index.php?module=Downloads&#038;func=sublevel&#038;cid=38&#038;start=0\" target=\"_blank\"> | PEC i ALTRES DOCUMENTS<\/a>: El PAT (Pla d&#8217;Acci\u00f3 Tutorial)\u00a0 i Els criteris d&#8217;avaluaci\u00f3 d&#8217;ESO i Batxillerat d&#8217;aquest curs.<\/li>\n<li>A <a href=\"index.php?module=Downloads&#038;func=sublevel&#038;cid=9\" target=\"_blank\">DOCUMENTS P\u00c3?BLICS<\/a>: Calendari de les diferents curses de Cros i Orientaci\u00f3 on hi ha un grup important d&#8217;alumnes del centre qu\u00e8 hi participa.<br \/>\n   <\/li>\n<li>A <a href=\"index.php?module=Downloads&#038;func=sublevel&#038;cid=27&#038;start=0\" target=\"_blank\">DOCUMENTS P\u00c3?BLICS | MENJADOR<\/a>: A m\u00e9s del men\u00fa mensual, hem afegit lesnormes d&#8217;\u00fas i d&#8217;organitzaci\u00f3 del servei de menjador del centre, aix\u00ed com la fitxa informativa i d&#8217;inscripci\u00f3.<\/li>\n<\/ul>\n","protected":false},"excerpt":{"rendered":"<p>Ja teniu disponible <a href=\"index.php?module=Downloads&#038;func=prep_hand_out&#038;lid=381\">el calendari de les activitats del centre pel mes de novembre<\/a>.<\/p>\n<p>Destaquem d&#8217;entre les novetats que hem penjat aquest mes a la IntraWeb: aquestes:<\/p>\n<ul>\n<li>A la <a href=\"index.php?module=IWwebbox&#038;ref=galeria\" target=\"_blank\">GALERIA MULTIMEDIA<\/a>: podeu trobar una selecci\u00f3 de fotos de les diferents activitats i&hellip;  <a href=\"https:\/\/agora.xtec.cat\/ies-jaumebalmes\/general\/calendari-de-les-activitats-del-centre-de-novembre-de-2011\/\" title=\"Read Calendari de les activitats del centre de Novembre de 2011\">Llegeix m\u00e9s\u00bb<\/a><br \/>\n","protected":false},"author":3,"featured_media":0,"comment_status":"open","ping_status":"open","sticky":false,"template":"","format":"standard","meta":{"_bbp_topic_count":0,"_bbp_reply_count":0,"_bbp_total_topic_count":0,"_bbp_total_reply_count":0,"_bbp_voice_count":0,"_bbp_anonymous_reply_count":0,"_bbp_topic_count_hidden":0,"_bbp_reply_count_hidden":0,"_bbp_forum_subforum_count":0,"footnotes":""},"categories":[1],"tags":[97,100],"class_list":["post-610","post","type-post","status-publish","format-standard","hentry","category-general","tag-intraweb","tag-noticies"],"post_mailing_queue_ids":[],"_links":{"self":[{"href":"https:\/\/agora.xtec.cat\/ies-jaumebalmes\/wp-json\/wp\/v2\/posts\/610","targetHints":{"allow":["GET"]}}],"collection":[{"href":"https:\/\/agora.xtec.cat\/ies-jaumebalmes\/wp-json\/wp\/v2\/posts"}],"about":[{"href":"https:\/\/agora.xtec.cat\/ies-jaumebalmes\/wp-json\/wp\/v2\/types\/post"}],"author":[{"embeddable":true,"href":"https:\/\/agora.xtec.cat\/ies-jaumebalmes\/wp-json\/wp\/v2\/users\/3"}],"replies":[{"embeddable":true,"href":"https:\/\/agora.xtec.cat\/ies-jaumebalmes\/wp-json\/wp\/v2\/comments?post=610"}],"version-history":[{"count":0,"href":"https:\/\/agora.xtec.cat\/ies-jaumebalmes\/wp-json\/wp\/v2\/posts\/610\/revisions"}],"wp:attachment":[{"href":"https:\/\/agora.xtec.cat\/ies-jaumebalmes\/wp-json\/wp\/v2\/media?parent=610"}],"wp:term":[{"taxonomy":"category","embeddable":true,"href":"https:\/\/agora.xtec.cat\/ies-jaumebalmes\/wp-json\/wp\/v2\/categories?post=610"},{"taxonomy":"post_tag","embeddable":true,"href":"https:\/\/agora.xtec.cat\/ies-jaumebalmes\/wp-json\/wp\/v2\/tags?post=610"}],"curies":[{"name":"wp","href":"https:\/\/api.w.org\/{rel}","templated":true}]}}