{"id":609,"date":"2011-10-19T19:41:08","date_gmt":"2011-10-19T18:41:08","guid":{"rendered":"http:\/\/agora.xtec.cat\/ies-jaumebalmes\/general\/sortides-de-tutoria-de-1r-de-btx-i-1r-deso-octubre-2011\/"},"modified":"2011-10-19T19:41:08","modified_gmt":"2011-10-19T18:41:08","slug":"sortides-de-tutoria-de-1r-de-btx-i-1r-deso-octubre-2011","status":"publish","type":"post","link":"https:\/\/agora.xtec.cat\/ies-jaumebalmes\/general\/sortides-de-tutoria-de-1r-de-btx-i-1r-deso-octubre-2011\/","title":{"rendered":"Sortides de tutoria de 1r de BTX i 1r d&#8217;ESO (Octubre 2011)"},"content":{"rendered":"<p>Ja teniu disponible a la <a href=\"index.php?module=IWwebbox&amp;ref=galeria\">Galeria Multim\u00e8dia<\/a> una Selecci\u00f3 de fotos de les sortides de tutoria de 1r de Batxillerat i de 1r d\u00e2??ESO d\u00e2??aquest mes d\u00e2??octubre:\n<\/p>\n<ul>\n<li>Marxa de Collserola (5\/10\/2011) &#8211; 1r de batxillerat<br \/>\n  <\/li>\n<li>Sortida per Montju\u00efc (19\/10\/2011) &#8211; 1r d\u00e2??ESO<br \/>\n  <\/li>\n<\/ul>\n<p><a target=\"_blank\" href=\"http:\/\/phobos.xtec.cat\/ies-jaumebalmes\/cpg1410\/thumbnails.php?album=115\"><img decoding=\"async\" src=\"http:\/\/phobos.xtec.cat\/ies-jaumebalmes\/cpg1410\/albums\/20111005_BTX1\/normal_20111005_CIMG5717.jpg\" \/><\/a> <a target=\"_blank\" href=\"http:\/\/phobos.xtec.cat\/ies-jaumebalmes\/cpg1410\/thumbnails.php?album=116\"><img decoding=\"async\" src=\"http:\/\/phobos.xtec.cat\/ies-jaumebalmes\/cpg1410\/albums\/20111019_ESO1\/normal_20111019_CIMG5855.jpg\" \/><\/a> <\/p>\n<h2>Marxa de Collserola<br \/>\n<\/h2>\n<p>El passat dimecres 5 d\u00e2??octubre tot l\u00e2??alumnmat de 1r de batxillerat va participar en una marxa per Collserola. En grups, els alumnes escollien entre un itinerari de 13 km o un de 18 km. Ambd\u00f3s recorreguts comen\u00e7aven al Baixador de Vallvidrera i acabaven a Sant Cugat, despr\u00e9s de passar per la Font Groga, Sant Medir i el Pi de Can Xandri.<br \/>\n<br \/>L\u00e2??activitat va anar molt b\u00e9, i pocs van ser els grups que es van equivocar, tot i que algun va haver de fer molt m\u00e9s quil\u00f2metres dels previstos.<\/p>\n<h2>Sortida de tutoria de 1r d\u00e2??ESO a Montju\u00efc<br \/>\n<\/h2>\n<p>El passat dimecres 19 d\u00e2??octubre l\u00e2??alumnat de 1r d\u00e2??ESO&nbsp; va fer un recorregut per la muntanya de Montju\u00efc.<br \/>\n<br \/>Despr\u00e9s d\u00e2??agafar el funicular vam passar pels jardins de Moss\u00e8n Cinto Verdaguer i els Jardins del Mirador. Qui va voler es va tirar pels tobogans gegants dels jardins abans d\u00e2??arribar al castell on vam esmorzar i fer la descoberta dels diferents indrets del castell.<br \/>\n<br \/>Un joc per parelles, on un era l\u00e2??artista sense visi\u00f3 i l\u00e2??altre era el comunicador del que veia, va donar peu a la creaci\u00f3 d\u00e2??aut\u00e8ntiques obres d\u00e2??art de les vistes des del castell.<br \/>\n<br \/>De tornada pel cam\u00ed del mar ens vam aturar a fer el lliurament dels premis del concurs, abans d\u00e2??emprendre el cam\u00ed de tornada a l\u00e2??institut.<br \/><\/p>\n","protected":false},"excerpt":{"rendered":"<p>Ja teniu disponible a la <a href=\"index.php?module=IWwebbox&amp;ref=galeria\">Galeria Multim\u00e8dia<\/a> una Selecci\u00f3 de fotos de les sortides de tutoria de 1r de Batxillerat i de 1r d\u00e2??ESO d\u00e2??aquest mes d\u00e2??octubre:<\/p>\n<ul>\n<li>Marxa de Collserola (5\/10\/2011) &#8211; 1r de batxillerat\n  <\/li>\n<li>Sortida per Montju\u00efc (19\/10\/2011) &#8211; 1r d\u00e2??ESO\n  <\/li>\n<\/ul>\n<p><a&hellip;  <a href=\"https:\/\/agora.xtec.cat\/ies-jaumebalmes\/general\/sortides-de-tutoria-de-1r-de-btx-i-1r-deso-octubre-2011\/\" title=\"Read Sortides de tutoria de 1r de BTX i 1r d&#8217;ESO (Octubre 2011)\">Llegeix m\u00e9s\u00bb<\/a><\/p>\n","protected":false},"author":3,"featured_media":0,"comment_status":"open","ping_status":"open","sticky":false,"template":"","format":"standard","meta":{"_bbp_topic_count":0,"_bbp_reply_count":0,"_bbp_total_topic_count":0,"_bbp_total_reply_count":0,"_bbp_voice_count":0,"_bbp_anonymous_reply_count":0,"_bbp_topic_count_hidden":0,"_bbp_reply_count_hidden":0,"_bbp_forum_subforum_count":0,"footnotes":""},"categories":[1],"tags":[97,100],"class_list":["post-609","post","type-post","status-publish","format-standard","hentry","category-general","tag-intraweb","tag-noticies"],"post_mailing_queue_ids":[],"_links":{"self":[{"href":"https:\/\/agora.xtec.cat\/ies-jaumebalmes\/wp-json\/wp\/v2\/posts\/609","targetHints":{"allow":["GET"]}}],"collection":[{"href":"https:\/\/agora.xtec.cat\/ies-jaumebalmes\/wp-json\/wp\/v2\/posts"}],"about":[{"href":"https:\/\/agora.xtec.cat\/ies-jaumebalmes\/wp-json\/wp\/v2\/types\/post"}],"author":[{"embeddable":true,"href":"https:\/\/agora.xtec.cat\/ies-jaumebalmes\/wp-json\/wp\/v2\/users\/3"}],"replies":[{"embeddable":true,"href":"https:\/\/agora.xtec.cat\/ies-jaumebalmes\/wp-json\/wp\/v2\/comments?post=609"}],"version-history":[{"count":0,"href":"https:\/\/agora.xtec.cat\/ies-jaumebalmes\/wp-json\/wp\/v2\/posts\/609\/revisions"}],"wp:attachment":[{"href":"https:\/\/agora.xtec.cat\/ies-jaumebalmes\/wp-json\/wp\/v2\/media?parent=609"}],"wp:term":[{"taxonomy":"category","embeddable":true,"href":"https:\/\/agora.xtec.cat\/ies-jaumebalmes\/wp-json\/wp\/v2\/categories?post=609"},{"taxonomy":"post_tag","embeddable":true,"href":"https:\/\/agora.xtec.cat\/ies-jaumebalmes\/wp-json\/wp\/v2\/tags?post=609"}],"curies":[{"name":"wp","href":"https:\/\/api.w.org\/{rel}","templated":true}]}}