{"id":607,"date":"2011-10-13T12:01:02","date_gmt":"2011-10-13T11:01:02","guid":{"rendered":"http:\/\/agora.xtec.cat\/ies-jaumebalmes\/general\/xerrada-de-claudi-mans-per-a-lalumnat-de-2n-de-batxillerat\/"},"modified":"2011-10-13T12:01:02","modified_gmt":"2011-10-13T11:01:02","slug":"xerrada-de-claudi-mans-per-a-lalumnat-de-2n-de-batxillerat","status":"publish","type":"post","link":"https:\/\/agora.xtec.cat\/ies-jaumebalmes\/general\/xerrada-de-claudi-mans-per-a-lalumnat-de-2n-de-batxillerat\/","title":{"rendered":"Xerrada de Claudi Mans per a l&#8217;alumnat de 2n de Batxillerat"},"content":{"rendered":"<p>El proper duimecres 19\/10 es far\u00e0 una xerrada per a l\u00e2??alumnat de 2n de batxillerat: <strong>\u00e2??La cuina de casa, un laboratori qu\u00edmic?\u00e2?\u009d <\/strong>a c\u00e0rrec de <a target=\"_blank\" href=\"http:\/\/www.angel.qui.ub.es\/mans\/\">Claudi Mans<\/a>. De 13h. a 15h. a la sala d\u00e2??actes.<\/p>\n","protected":false},"excerpt":{"rendered":"<p>El proper duimecres 19\/10 es far\u00e0 una xerrada per a l\u00e2??alumnat de 2n de batxillerat: \u00e2??La cuina de casa, un laboratori qu\u00edmic?\u00e2?\u009d a c\u00e0rrec de <a target=\"_blank\" href=\"http:\/\/www.angel.qui.ub.es\/mans\/\">Claudi Mans<\/a>. De 13h. a 15h. a la sala d\u00e2??actes.<\/p>\n","protected":false},"author":3,"featured_media":0,"comment_status":"open","ping_status":"open","sticky":false,"template":"","format":"standard","meta":{"_bbp_topic_count":0,"_bbp_reply_count":0,"_bbp_total_topic_count":0,"_bbp_total_reply_count":0,"_bbp_voice_count":0,"_bbp_anonymous_reply_count":0,"_bbp_topic_count_hidden":0,"_bbp_reply_count_hidden":0,"_bbp_forum_subforum_count":0,"footnotes":""},"categories":[1],"tags":[97,100],"class_list":["post-607","post","type-post","status-publish","format-standard","hentry","category-general","tag-intraweb","tag-noticies"],"post_mailing_queue_ids":[],"_links":{"self":[{"href":"https:\/\/agora.xtec.cat\/ies-jaumebalmes\/wp-json\/wp\/v2\/posts\/607","targetHints":{"allow":["GET"]}}],"collection":[{"href":"https:\/\/agora.xtec.cat\/ies-jaumebalmes\/wp-json\/wp\/v2\/posts"}],"about":[{"href":"https:\/\/agora.xtec.cat\/ies-jaumebalmes\/wp-json\/wp\/v2\/types\/post"}],"author":[{"embeddable":true,"href":"https:\/\/agora.xtec.cat\/ies-jaumebalmes\/wp-json\/wp\/v2\/users\/3"}],"replies":[{"embeddable":true,"href":"https:\/\/agora.xtec.cat\/ies-jaumebalmes\/wp-json\/wp\/v2\/comments?post=607"}],"version-history":[{"count":0,"href":"https:\/\/agora.xtec.cat\/ies-jaumebalmes\/wp-json\/wp\/v2\/posts\/607\/revisions"}],"wp:attachment":[{"href":"https:\/\/agora.xtec.cat\/ies-jaumebalmes\/wp-json\/wp\/v2\/media?parent=607"}],"wp:term":[{"taxonomy":"category","embeddable":true,"href":"https:\/\/agora.xtec.cat\/ies-jaumebalmes\/wp-json\/wp\/v2\/categories?post=607"},{"taxonomy":"post_tag","embeddable":true,"href":"https:\/\/agora.xtec.cat\/ies-jaumebalmes\/wp-json\/wp\/v2\/tags?post=607"}],"curies":[{"name":"wp","href":"https:\/\/api.w.org\/{rel}","templated":true}]}}