{"id":606,"date":"2011-10-09T20:57:10","date_gmt":"2011-10-09T19:57:10","guid":{"rendered":"http:\/\/agora.xtec.cat\/ies-jaumebalmes\/general\/calendari-de-les-activitats-del-centre-doctubre-de-2011\/"},"modified":"2011-10-09T20:57:10","modified_gmt":"2011-10-09T19:57:10","slug":"calendari-de-les-activitats-del-centre-doctubre-de-2011","status":"publish","type":"post","link":"https:\/\/agora.xtec.cat\/ies-jaumebalmes\/general\/calendari-de-les-activitats-del-centre-doctubre-de-2011\/","title":{"rendered":"Calendari de les activitats del centre d&#8217;Octubre de 2011"},"content":{"rendered":"<p>Iniciem la comunicaci\u00f3 de les activitats que es fan al centre mes a mes. Ja teniu a <a href=\"\/ies-jaumebalmes\/intranet\/index.php?module=Downloads&#038;func=sublevel&#038;cid=9&#038;start=0\">DOCUMENTS P\u00c3?BLICS<\/a> el <a target=\"_blank\" href=\"\/ies-jaumebalmes\/intranet\/index.php?module=Downloads&#038;func=prep_hand_out&#038;lid=365\">calendari del mes d&#8217;octubre<\/a> on veureu que no es diferencien les activitats per a cada un dels cursos. Estem buscant una estructura que faciliti visualment la cerca de la informaci\u00f3; el del mes de novembre ser\u00e0 millor.<\/p>\n<p>D&#8217;altra banda, dilluns iniciarem tamb\u00e9, la comunicaci\u00f3 de convocat\u00f2ries, reunions, sortides&#8230; per correu electr\u00f2nic directament a les fam\u00edlies. esperem que faci m\u00e9s \u00e0gil la comunicaci\u00f3 i segur que ser\u00e0 un estalvi en paper important\u00edssim.<\/p>\n","protected":false},"excerpt":{"rendered":"<p>Iniciem la comunicaci\u00f3 de les activitats que es fan al centre mes a mes. Ja teniu a <a href=\"\/ies-jaumebalmes\/intranet\/index.php?module=Downloads&#038;func=sublevel&#038;cid=9&#038;start=0\">DOCUMENTS P\u00c3?BLICS<\/a> el <a target=\"_blank\" href=\"\/ies-jaumebalmes\/intranet\/index.php?module=Downloads&#038;func=prep_hand_out&#038;lid=365\">calendari del mes d&#8217;octubre<\/a> on veureu que no es diferencien les activitats per a cada un dels cursos. Estem buscant una estructura&hellip;  <a href=\"https:\/\/agora.xtec.cat\/ies-jaumebalmes\/general\/calendari-de-les-activitats-del-centre-doctubre-de-2011\/\" title=\"Read Calendari de les activitats del centre d&#8217;Octubre de 2011\">Llegeix m\u00e9s\u00bb<\/a><\/p>\n","protected":false},"author":3,"featured_media":0,"comment_status":"open","ping_status":"open","sticky":false,"template":"","format":"standard","meta":{"_bbp_topic_count":0,"_bbp_reply_count":0,"_bbp_total_topic_count":0,"_bbp_total_reply_count":0,"_bbp_voice_count":0,"_bbp_anonymous_reply_count":0,"_bbp_topic_count_hidden":0,"_bbp_reply_count_hidden":0,"_bbp_forum_subforum_count":0,"footnotes":""},"categories":[1],"tags":[97,100],"class_list":["post-606","post","type-post","status-publish","format-standard","hentry","category-general","tag-intraweb","tag-noticies"],"post_mailing_queue_ids":[],"_links":{"self":[{"href":"https:\/\/agora.xtec.cat\/ies-jaumebalmes\/wp-json\/wp\/v2\/posts\/606","targetHints":{"allow":["GET"]}}],"collection":[{"href":"https:\/\/agora.xtec.cat\/ies-jaumebalmes\/wp-json\/wp\/v2\/posts"}],"about":[{"href":"https:\/\/agora.xtec.cat\/ies-jaumebalmes\/wp-json\/wp\/v2\/types\/post"}],"author":[{"embeddable":true,"href":"https:\/\/agora.xtec.cat\/ies-jaumebalmes\/wp-json\/wp\/v2\/users\/3"}],"replies":[{"embeddable":true,"href":"https:\/\/agora.xtec.cat\/ies-jaumebalmes\/wp-json\/wp\/v2\/comments?post=606"}],"version-history":[{"count":0,"href":"https:\/\/agora.xtec.cat\/ies-jaumebalmes\/wp-json\/wp\/v2\/posts\/606\/revisions"}],"wp:attachment":[{"href":"https:\/\/agora.xtec.cat\/ies-jaumebalmes\/wp-json\/wp\/v2\/media?parent=606"}],"wp:term":[{"taxonomy":"category","embeddable":true,"href":"https:\/\/agora.xtec.cat\/ies-jaumebalmes\/wp-json\/wp\/v2\/categories?post=606"},{"taxonomy":"post_tag","embeddable":true,"href":"https:\/\/agora.xtec.cat\/ies-jaumebalmes\/wp-json\/wp\/v2\/tags?post=606"}],"curies":[{"name":"wp","href":"https:\/\/api.w.org\/{rel}","templated":true}]}}