{"id":604,"date":"2011-07-04T23:30:36","date_gmt":"2011-07-04T22:30:36","guid":{"rendered":"http:\/\/agora.xtec.cat\/ies-jaumebalmes\/general\/excelents-resultats-a-les-pau-2011\/"},"modified":"2011-07-04T23:30:36","modified_gmt":"2011-07-04T22:30:36","slug":"excelents-resultats-a-les-pau-2011","status":"publish","type":"post","link":"https:\/\/agora.xtec.cat\/ies-jaumebalmes\/general\/excelents-resultats-a-les-pau-2011\/","title":{"rendered":"Excelents resultats a les PAU 2011."},"content":{"rendered":"<p><strong>Dos alumnes del centre han estat mereixedors de la Distinci\u00f3 de les Proves d\u00e2??Acc\u00e9s a la Universitat 2011<\/strong>, que s\u00e2??atorga a tots els estudiants de batxillerat de Catalunya que han obtingut una nota de PAU, en la fase general, superior o igual a 9 punts (sobre un total de 10). S\u00f3n:\n<\/p>\n<ul>\n<li><strong>Samuel Nel\u00b7lo Deakin alumne del Batxillerat Cient\u00edfico-Tecnol\u00f2gic<\/strong> que ha obtingut un 9,5<\/li>\n<li><strong>Clara Renau Rubio alumna del Batxillerat d\u00e2??Humanitats i Ci\u00e8ncies Socials<\/strong> que ha obtingut un 9,0<\/li>\n<\/ul>\n<p>Assistiran a l\u00e2??acte\u00a0 de lliurament que tindr\u00e0 lloc en 21\/7. Les fotografies de l\u00e2??acte es podran consultar entre 1\/9 i el 30\/11 al web <a href=\"http:\/\/www.gencat.cat\/universitats\/distincions2011\">http:\/\/www.gencat.cat\/universitats\/distincions2011<\/a>\n<\/p>\n<p><strong>Aquesta not\u00edcia remarca l\u00e2??\u00e8xit de la promoci\u00f3 que ha acabat aquest curs 2n de batxillerat<\/strong>. Aqu\u00ed van unes dades per confirmar-ho:\n<\/p>\n<ul>\n<li>109 alumnes a batxillerat di\u00fcrn dels qual han obtingut el t\u00edtol de batxillerat 98 alumnes \u00e9s a dir el 89,91%<\/li>\n<li>100% d\u00e2??aprovats a les PAU dels presentats del batxillerat di\u00fcrn.<\/li>\n<li>Dues distincions a les PAU<br \/>\n  <\/li>\n<\/ul>\n<p><strong>Felicitats a tots dos i a tota la promoci\u00f3.<\/strong> Segur que els seus \u00e8xits actuals s\u00f3n un preludi dels futurs.<strong><br \/>\n  <br \/><\/strong><\/p>\n","protected":false},"excerpt":{"rendered":"<p>Dos alumnes del centre han estat mereixedors de la Distinci\u00f3 de les Proves d\u00e2??Acc\u00e9s a la Universitat 2011, que s\u00e2??atorga a tots els estudiants de batxillerat de Catalunya que han obtingut una nota de PAU, en la fase general, superior o igual a 9 punts&hellip;  <a href=\"https:\/\/agora.xtec.cat\/ies-jaumebalmes\/general\/excelents-resultats-a-les-pau-2011\/\" title=\"Read Excelents resultats a les PAU 2011.\">Llegeix m\u00e9s\u00bb<\/a><\/p>\n","protected":false},"author":3,"featured_media":0,"comment_status":"open","ping_status":"open","sticky":false,"template":"","format":"standard","meta":{"_bbp_topic_count":0,"_bbp_reply_count":0,"_bbp_total_topic_count":0,"_bbp_total_reply_count":0,"_bbp_voice_count":0,"_bbp_anonymous_reply_count":0,"_bbp_topic_count_hidden":0,"_bbp_reply_count_hidden":0,"_bbp_forum_subforum_count":0,"footnotes":""},"categories":[1],"tags":[97,100],"class_list":["post-604","post","type-post","status-publish","format-standard","hentry","category-general","tag-intraweb","tag-noticies"],"post_mailing_queue_ids":[],"_links":{"self":[{"href":"https:\/\/agora.xtec.cat\/ies-jaumebalmes\/wp-json\/wp\/v2\/posts\/604","targetHints":{"allow":["GET"]}}],"collection":[{"href":"https:\/\/agora.xtec.cat\/ies-jaumebalmes\/wp-json\/wp\/v2\/posts"}],"about":[{"href":"https:\/\/agora.xtec.cat\/ies-jaumebalmes\/wp-json\/wp\/v2\/types\/post"}],"author":[{"embeddable":true,"href":"https:\/\/agora.xtec.cat\/ies-jaumebalmes\/wp-json\/wp\/v2\/users\/3"}],"replies":[{"embeddable":true,"href":"https:\/\/agora.xtec.cat\/ies-jaumebalmes\/wp-json\/wp\/v2\/comments?post=604"}],"version-history":[{"count":0,"href":"https:\/\/agora.xtec.cat\/ies-jaumebalmes\/wp-json\/wp\/v2\/posts\/604\/revisions"}],"wp:attachment":[{"href":"https:\/\/agora.xtec.cat\/ies-jaumebalmes\/wp-json\/wp\/v2\/media?parent=604"}],"wp:term":[{"taxonomy":"category","embeddable":true,"href":"https:\/\/agora.xtec.cat\/ies-jaumebalmes\/wp-json\/wp\/v2\/categories?post=604"},{"taxonomy":"post_tag","embeddable":true,"href":"https:\/\/agora.xtec.cat\/ies-jaumebalmes\/wp-json\/wp\/v2\/tags?post=604"}],"curies":[{"name":"wp","href":"https:\/\/api.w.org\/{rel}","templated":true}]}}