{"id":598,"date":"2011-05-31T16:56:53","date_gmt":"2011-05-31T15:56:53","guid":{"rendered":"http:\/\/agora.xtec.cat\/ies-jaumebalmes\/general\/pau-2011-i-preinscripicio-universitaria\/"},"modified":"2011-05-31T16:56:53","modified_gmt":"2011-05-31T15:56:53","slug":"pau-2011-i-preinscripicio-universitaria","status":"publish","type":"post","link":"https:\/\/agora.xtec.cat\/ies-jaumebalmes\/general\/pau-2011-i-preinscripicio-universitaria\/","title":{"rendered":"PAU 2011 i Preinscripici\u00f3 universit\u00e0ria"},"content":{"rendered":"<p><strong>Atenci\u00f3!!! \u00faltima hora (2\/6\/2011):<\/strong><\/p>\n<ol>\n<li><strong> Han canviat les taules de ponderaci\u00f3 per aquest curs 2011. <a target=\"_blank\" href=\"http:\/\/www.gencat.cat\/economia\/ur\/doc\/doc_18949896_1.pdf\">Mireu-les<\/a>.<\/strong><\/li>\n<li><strong>Han arribar llibres informatius sobre la preinscripci\u00f3 universit\u00e0ria. Si no el trens passa per cap d\u00e2??estudis a buscar-lo.<\/strong><\/li>\n<\/ol>\n<p>======<br \/>\n<\/p>\n<p>Ara que ja teniu les notes de l\u00e2??avaluaci\u00f3 final de 2n de Batxillerat cal que recordeu que:\n<\/p>\n<ol>\n<li><strong>El 6 de juny \u00e9s l\u00e2??ultim dia per fer el pagament de les taxes per a les <a target=\"_blank\" href=\"https:\/\/accesnet.gencat.cat\/\">PAU-2011<\/a> de juny.<\/strong><\/li>\n<li><strong>La <a target=\"_blank\" href=\"http:\/\/www.gencat.cat\/economia\/ur\/ambits\/universitats\/acces\/prein\/index.html\">preinscripci\u00f3 universit\u00e0ria pel curs 2011-2012<\/a> s\u00e2??ha de fer entre el 7 de juny i el 5 de juliol<\/strong>. Atenci\u00f3 que\u00a0 rebreu les notes de les PAU el 4 de Juliol i l\u00e2??\u00faltim dia per fer la preinscripci\u00f3 universit\u00e0ria \u00e9s el 5 de juliol.<br \/>\n  <\/li>\n<li><strong>A <a href=\"index.php?module=Downloads&#038;func=sublevel&#038;cid=28&#038;start=0\">DOCUMENTS P\u00c3?BLICS | Batxillerat, PAU i Preinscripci\u00f3 universit\u00e0ria<\/a> teniu els documents que avui us hem mostrat a <\/strong>la sessi\u00f3 informativa de les PAU que hem fet a les 12h.<\/li>\n<li>Si alg\u00fa es vol preinscriure per fer estudis de formaci\u00f3 professional de grau superior recordeu que el termini \u00e9s fins el 3 de juny.\u00a0<br \/>\n  <\/li>\n<\/ol>\n<p><strong> VOCAL DEL CENTRE per a les PAU 2011:<\/strong><br \/>\n<br \/>Josep M. Rivera Ripoll<br \/>\n<br \/>636729463<br \/>\n<br \/><strong><br \/>\n<br \/>&#8211; PROVES D&#8217;ACC\u00c3?S A LA UNIVERSITAT PAU<br \/>\n<br \/>Oficina d&#8217;Organitzaci\u00f3 de les Proves d&#8217;Acc\u00e8s a la Universitat.<\/strong> <strong><br \/>\n<br \/> Adre\u00e7a: <\/strong>Via\u00a0Laietana, 33 2a planta<\/p>\n<div>\n<div><strong>Poblaci\u00f3: <\/strong>08003\u00a0Barcelona\n  <\/div>\n<\/div>\n<div>\n<div><strong>Tel\u00e8fon: <\/strong>93 552 69 80\n  <\/div>\n<\/div>\n<div>\n<div> <strong>Fax: <\/strong>93 552 69 83\n  <\/div>\n<\/div>\n<div>\n<div><strong>e-mail:<\/strong><a href=\"mailto:coordinaciopau.cur@gencat.cat\" target=\"_blank\"><strong> <\/strong>coordinaciopau.cur@gencat.cat <\/a>\n  <\/div>\n<\/div>\n<div>\n<h4><strong>Horari d&#8217;atenci\u00f3: <\/strong><span style=\"font-weight:normal\">De dilluns a divendres, de 9 a 14 h <\/span><br \/>\n    <br \/>\n  <\/h4>\n<\/div>\n<p><strong>&#8211; PREMATRICULA I MATR\u00cdCULA UNIVERSIT\u00c3?RIA<\/strong><br \/>\n<br \/><strong>Oficina d&#8217;Orientaci\u00f3 per a l&#8217;acc\u00e9s a la Universitat<\/strong><br \/>\n<br \/> <strong>Adre\u00e7a: <\/strong>Pla\u00e7a Bonsucc\u00e9s, 5<br \/>\n<br \/><strong>Web:<\/strong><a href=\"http:\/\/www.gencat.net\/dursi\" target=\"_blank\">http:\/\/www.gencat.net\/<wbr>dursi<\/a><br \/>\n<br \/><strong>e-mail:<\/strong> <a href=\"mailto:accesnet.sur@gencat.cat\" target=\"_blank\">accesnet.sur@gencat.cat<\/a><br \/>\n<br \/><strong>Tel\u00e8fon:<\/strong> 932230323<br \/>\n<br \/> <strong>Fax: <\/strong>935527120<\/p>\n","protected":false},"excerpt":{"rendered":"<p>Atenci\u00f3!!! \u00faltima hora (2\/6\/2011):<\/p>\n<ol>\n<li> Han canviat les taules de ponderaci\u00f3 per aquest curs 2011. <a target=\"_blank\" href=\"http:\/\/www.gencat.cat\/economia\/ur\/doc\/doc_18949896_1.pdf\">Mireu-les<\/a>.<\/li>\n<li>Han arribar llibres informatius sobre la preinscripci\u00f3 universit\u00e0ria. Si no el trens passa per cap d\u00e2??estudis a buscar-lo.<\/li>\n<\/ol>\n<p>======<\/p>\n<p>Ara que ja teniu les notes de l\u00e2??avaluaci\u00f3 final de 2n de&hellip;  <a href=\"https:\/\/agora.xtec.cat\/ies-jaumebalmes\/general\/pau-2011-i-preinscripicio-universitaria\/\" title=\"Read PAU 2011 i Preinscripici\u00f3 universit\u00e0ria\">Llegeix m\u00e9s\u00bb<\/a><\/p>\n","protected":false},"author":3,"featured_media":0,"comment_status":"open","ping_status":"open","sticky":false,"template":"","format":"standard","meta":{"_bbp_topic_count":0,"_bbp_reply_count":0,"_bbp_total_topic_count":0,"_bbp_total_reply_count":0,"_bbp_voice_count":0,"_bbp_anonymous_reply_count":0,"_bbp_topic_count_hidden":0,"_bbp_reply_count_hidden":0,"_bbp_forum_subforum_count":0,"footnotes":""},"categories":[1],"tags":[97,100],"class_list":["post-598","post","type-post","status-publish","format-standard","hentry","category-general","tag-intraweb","tag-noticies"],"post_mailing_queue_ids":[],"_links":{"self":[{"href":"https:\/\/agora.xtec.cat\/ies-jaumebalmes\/wp-json\/wp\/v2\/posts\/598","targetHints":{"allow":["GET"]}}],"collection":[{"href":"https:\/\/agora.xtec.cat\/ies-jaumebalmes\/wp-json\/wp\/v2\/posts"}],"about":[{"href":"https:\/\/agora.xtec.cat\/ies-jaumebalmes\/wp-json\/wp\/v2\/types\/post"}],"author":[{"embeddable":true,"href":"https:\/\/agora.xtec.cat\/ies-jaumebalmes\/wp-json\/wp\/v2\/users\/3"}],"replies":[{"embeddable":true,"href":"https:\/\/agora.xtec.cat\/ies-jaumebalmes\/wp-json\/wp\/v2\/comments?post=598"}],"version-history":[{"count":0,"href":"https:\/\/agora.xtec.cat\/ies-jaumebalmes\/wp-json\/wp\/v2\/posts\/598\/revisions"}],"wp:attachment":[{"href":"https:\/\/agora.xtec.cat\/ies-jaumebalmes\/wp-json\/wp\/v2\/media?parent=598"}],"wp:term":[{"taxonomy":"category","embeddable":true,"href":"https:\/\/agora.xtec.cat\/ies-jaumebalmes\/wp-json\/wp\/v2\/categories?post=598"},{"taxonomy":"post_tag","embeddable":true,"href":"https:\/\/agora.xtec.cat\/ies-jaumebalmes\/wp-json\/wp\/v2\/tags?post=598"}],"curies":[{"name":"wp","href":"https:\/\/api.w.org\/{rel}","templated":true}]}}