{"id":597,"date":"2011-05-27T14:03:25","date_gmt":"2011-05-27T13:03:25","guid":{"rendered":"http:\/\/agora.xtec.cat\/ies-jaumebalmes\/general\/calendari-de-les-activittas-del-mesde-juny\/"},"modified":"2011-05-27T14:03:25","modified_gmt":"2011-05-27T13:03:25","slug":"calendari-de-les-activittas-del-mesde-juny","status":"publish","type":"post","link":"https:\/\/agora.xtec.cat\/ies-jaumebalmes\/general\/calendari-de-les-activittas-del-mesde-juny\/","title":{"rendered":"Calendari de les activitats del mes de juny"},"content":{"rendered":"<p>A les fam\u00edlies de l\u00e2??alumnat d\u00e2??ESO i 1r de Batxillerat-di\u00fcrn li hem donat avui divendres 27\/5 una carta explicant el calendari del proper mes de juny.\n<\/p>\n<p>A DOCUMENTS | P\u00c3?BLICS\u00a0 teniu un resum i el <a target=\"_blank\" href=\"\/ies-jaumebalmes\/intranet\/index.php?module=Downloads&#038;func=prep_hand_out&#038;lid=327\">calendari dels ex\u00e0mens extraordinaris de juny 2011 (del 20 al 22)<\/a>:\n<\/p>\n<p> <a target=\"_blank\" href=\"\/ies-jaumebalmes\/intranet\/index.php?module=Downloads&#038;func=prep_hand_out&#038;lid=326\"><img decoding=\"async\" src=\"http:\/\/www.xtec.cat\/ies-jaumebalmes\/imatges\/calendari_juny2011.jpg\" \/><\/a><br \/>\n  <\/p>\n","protected":false},"excerpt":{"rendered":"<p>A les fam\u00edlies de l\u00e2??alumnat d\u00e2??ESO i 1r de Batxillerat-di\u00fcrn li hem donat avui divendres 27\/5 una carta explicant el calendari del proper mes de juny.<\/p>\n<p>A DOCUMENTS | P\u00c3?BLICS\u00a0 teniu un resum i el <a target=\"_blank\" href=\"\/ies-jaumebalmes\/intranet\/index.php?module=Downloads&#038;func=prep_hand_out&#038;lid=327\">calendari dels ex\u00e0mens extraordinaris de juny 2011 (del 20&hellip;  <a href=\"https:\/\/agora.xtec.cat\/ies-jaumebalmes\/general\/calendari-de-les-activittas-del-mesde-juny\/\" title=\"Read Calendari de les activitats del mes de juny\">Llegeix m\u00e9s\u00bb<\/a><\/p>\n","protected":false},"author":3,"featured_media":0,"comment_status":"open","ping_status":"open","sticky":false,"template":"","format":"standard","meta":{"_bbp_topic_count":0,"_bbp_reply_count":0,"_bbp_total_topic_count":0,"_bbp_total_reply_count":0,"_bbp_voice_count":0,"_bbp_anonymous_reply_count":0,"_bbp_topic_count_hidden":0,"_bbp_reply_count_hidden":0,"_bbp_forum_subforum_count":0,"footnotes":""},"categories":[1],"tags":[97,100],"class_list":["post-597","post","type-post","status-publish","format-standard","hentry","category-general","tag-intraweb","tag-noticies"],"post_mailing_queue_ids":[],"_links":{"self":[{"href":"https:\/\/agora.xtec.cat\/ies-jaumebalmes\/wp-json\/wp\/v2\/posts\/597","targetHints":{"allow":["GET"]}}],"collection":[{"href":"https:\/\/agora.xtec.cat\/ies-jaumebalmes\/wp-json\/wp\/v2\/posts"}],"about":[{"href":"https:\/\/agora.xtec.cat\/ies-jaumebalmes\/wp-json\/wp\/v2\/types\/post"}],"author":[{"embeddable":true,"href":"https:\/\/agora.xtec.cat\/ies-jaumebalmes\/wp-json\/wp\/v2\/users\/3"}],"replies":[{"embeddable":true,"href":"https:\/\/agora.xtec.cat\/ies-jaumebalmes\/wp-json\/wp\/v2\/comments?post=597"}],"version-history":[{"count":0,"href":"https:\/\/agora.xtec.cat\/ies-jaumebalmes\/wp-json\/wp\/v2\/posts\/597\/revisions"}],"wp:attachment":[{"href":"https:\/\/agora.xtec.cat\/ies-jaumebalmes\/wp-json\/wp\/v2\/media?parent=597"}],"wp:term":[{"taxonomy":"category","embeddable":true,"href":"https:\/\/agora.xtec.cat\/ies-jaumebalmes\/wp-json\/wp\/v2\/categories?post=597"},{"taxonomy":"post_tag","embeddable":true,"href":"https:\/\/agora.xtec.cat\/ies-jaumebalmes\/wp-json\/wp\/v2\/tags?post=597"}],"curies":[{"name":"wp","href":"https:\/\/api.w.org\/{rel}","templated":true}]}}