{"id":592,"date":"2011-04-28T11:47:00","date_gmt":"2011-04-28T10:47:00","guid":{"rendered":"http:\/\/agora.xtec.cat\/ies-jaumebalmes\/general\/conferencia-de-miquel-candel-ciencia-i-religio\/"},"modified":"2011-04-28T11:47:00","modified_gmt":"2011-04-28T10:47:00","slug":"conferencia-de-miquel-candel-ciencia-i-religio","status":"publish","type":"post","link":"https:\/\/agora.xtec.cat\/ies-jaumebalmes\/general\/conferencia-de-miquel-candel-ciencia-i-religio\/","title":{"rendered":"Confer\u00e8ncia de Miquel Candel: &#8220;Ci\u00e8ncia i Religi\u00f3&#8221;"},"content":{"rendered":"<p>El proper dilluns <strong>2 de maig a les 14h<\/strong>. es fa una <strong>confer\u00e8ncia<\/strong> (<strong>\u00e2??Ci\u00e8ncia i Religi\u00f3\u00e2?\u009d<\/strong> ),\u00a0 per l\u00e2??alumnat de 1r de Batxillerat,\u00a0 <strong>a c\u00e0rrec del fil\u00f3sof\u00a0 <a target=\"_blank\" href=\"http:\/\/www.ircvm.net\/Organigrama9698\/Investigadors9698\/InvestigadorsTitulars\/Fitxes\/MiguelCandel\/tabid\/185\/language\/ca-ES\/Default.aspx\">Miquel Candel<\/a>.<\/strong><\/p>\n","protected":false},"excerpt":{"rendered":"<p>El proper dilluns 2 de maig a les 14h. es fa una confer\u00e8ncia (\u00e2??Ci\u00e8ncia i Religi\u00f3\u00e2?\u009d ),\u00a0 per l\u00e2??alumnat de 1r de Batxillerat,\u00a0 a c\u00e0rrec del fil\u00f3sof\u00a0 <a target=\"_blank\" href=\"http:\/\/www.ircvm.net\/Organigrama9698\/Investigadors9698\/InvestigadorsTitulars\/Fitxes\/MiguelCandel\/tabid\/185\/language\/ca-ES\/Default.aspx\">Miquel Candel<\/a>.<\/p>\n","protected":false},"author":3,"featured_media":0,"comment_status":"open","ping_status":"open","sticky":false,"template":"","format":"standard","meta":{"_bbp_topic_count":0,"_bbp_reply_count":0,"_bbp_total_topic_count":0,"_bbp_total_reply_count":0,"_bbp_voice_count":0,"_bbp_anonymous_reply_count":0,"_bbp_topic_count_hidden":0,"_bbp_reply_count_hidden":0,"_bbp_forum_subforum_count":0,"footnotes":""},"categories":[1],"tags":[97,100],"class_list":["post-592","post","type-post","status-publish","format-standard","hentry","category-general","tag-intraweb","tag-noticies"],"post_mailing_queue_ids":[],"_links":{"self":[{"href":"https:\/\/agora.xtec.cat\/ies-jaumebalmes\/wp-json\/wp\/v2\/posts\/592","targetHints":{"allow":["GET"]}}],"collection":[{"href":"https:\/\/agora.xtec.cat\/ies-jaumebalmes\/wp-json\/wp\/v2\/posts"}],"about":[{"href":"https:\/\/agora.xtec.cat\/ies-jaumebalmes\/wp-json\/wp\/v2\/types\/post"}],"author":[{"embeddable":true,"href":"https:\/\/agora.xtec.cat\/ies-jaumebalmes\/wp-json\/wp\/v2\/users\/3"}],"replies":[{"embeddable":true,"href":"https:\/\/agora.xtec.cat\/ies-jaumebalmes\/wp-json\/wp\/v2\/comments?post=592"}],"version-history":[{"count":0,"href":"https:\/\/agora.xtec.cat\/ies-jaumebalmes\/wp-json\/wp\/v2\/posts\/592\/revisions"}],"wp:attachment":[{"href":"https:\/\/agora.xtec.cat\/ies-jaumebalmes\/wp-json\/wp\/v2\/media?parent=592"}],"wp:term":[{"taxonomy":"category","embeddable":true,"href":"https:\/\/agora.xtec.cat\/ies-jaumebalmes\/wp-json\/wp\/v2\/categories?post=592"},{"taxonomy":"post_tag","embeddable":true,"href":"https:\/\/agora.xtec.cat\/ies-jaumebalmes\/wp-json\/wp\/v2\/tags?post=592"}],"curies":[{"name":"wp","href":"https:\/\/api.w.org\/{rel}","templated":true}]}}