{"id":589,"date":"2011-04-09T11:51:58","date_gmt":"2011-04-09T10:51:58","guid":{"rendered":"http:\/\/agora.xtec.cat\/ies-jaumebalmes\/general\/xerrada-sobre-el-voluntariat\/"},"modified":"2011-04-09T11:51:58","modified_gmt":"2011-04-09T10:51:58","slug":"xerrada-sobre-el-voluntariat","status":"publish","type":"post","link":"https:\/\/agora.xtec.cat\/ies-jaumebalmes\/general\/xerrada-sobre-el-voluntariat\/","title":{"rendered":"Xerrada sobre el voluntariat"},"content":{"rendered":"<p>El dilluns 4 d\u00e2??abril hi va haver al centre una xerrada sobre el voluntariat amb l&#8217;alumnat de 2n de batxillerat. Xerrada inclosa dins del PAT del centre. La xerrada la va fer la <a target=\"_blank\" href=\"http:\/\/www.voluntaris.cat\/\">Federaci\u00f3 Catalana del Voluntariat Social<\/a>.\n<\/p>\n<p>Si voleu con\u00e8ixer la Federaci\u00f3 i de quina manera us podem ajudar i assessorar per fer voluntariat consulteu aquest enlla\u00e7: <a href=\"http:\/\/www.voluntaris.cat\/quefem\/sensibilitzacio\/eines\">http:\/\/www.voluntaris.cat\/quefem\/sensibilitzacio\/eines<\/a> .<br \/>\n  \n<\/p>\n<p>Pr\u00e8viament a la xerrada, al centre ha estat l\u00e2??exposici\u00f3 <a target=\"_blank\" href=\"\/ies-jaumebalmes\/intranet\/index.php?module=Downloads&#038;func=prep_hand_out&#038;lid=293\">\u00e2??Es porta dins. Ets voluntari?\u00e2?\u009d<\/a>.<br \/>\n  <\/p>\n","protected":false},"excerpt":{"rendered":"<p>El dilluns 4 d\u00e2??abril hi va haver al centre una xerrada sobre el voluntariat amb l&#8217;alumnat de 2n de batxillerat. Xerrada inclosa dins del PAT del centre. La xerrada la va fer la <a target=\"_blank\" href=\"http:\/\/www.voluntaris.cat\/\">Federaci\u00f3 Catalana del Voluntariat Social<\/a>.<\/p>\n<p>Si voleu con\u00e8ixer la Federaci\u00f3 i&hellip;  <a href=\"https:\/\/agora.xtec.cat\/ies-jaumebalmes\/general\/xerrada-sobre-el-voluntariat\/\" title=\"Read Xerrada sobre el voluntariat\">Llegeix m\u00e9s\u00bb<\/a><\/p>\n","protected":false},"author":3,"featured_media":0,"comment_status":"open","ping_status":"open","sticky":false,"template":"","format":"standard","meta":{"_bbp_topic_count":0,"_bbp_reply_count":0,"_bbp_total_topic_count":0,"_bbp_total_reply_count":0,"_bbp_voice_count":0,"_bbp_anonymous_reply_count":0,"_bbp_topic_count_hidden":0,"_bbp_reply_count_hidden":0,"_bbp_forum_subforum_count":0,"footnotes":""},"categories":[1],"tags":[97,100],"class_list":["post-589","post","type-post","status-publish","format-standard","hentry","category-general","tag-intraweb","tag-noticies"],"post_mailing_queue_ids":[],"_links":{"self":[{"href":"https:\/\/agora.xtec.cat\/ies-jaumebalmes\/wp-json\/wp\/v2\/posts\/589","targetHints":{"allow":["GET"]}}],"collection":[{"href":"https:\/\/agora.xtec.cat\/ies-jaumebalmes\/wp-json\/wp\/v2\/posts"}],"about":[{"href":"https:\/\/agora.xtec.cat\/ies-jaumebalmes\/wp-json\/wp\/v2\/types\/post"}],"author":[{"embeddable":true,"href":"https:\/\/agora.xtec.cat\/ies-jaumebalmes\/wp-json\/wp\/v2\/users\/3"}],"replies":[{"embeddable":true,"href":"https:\/\/agora.xtec.cat\/ies-jaumebalmes\/wp-json\/wp\/v2\/comments?post=589"}],"version-history":[{"count":0,"href":"https:\/\/agora.xtec.cat\/ies-jaumebalmes\/wp-json\/wp\/v2\/posts\/589\/revisions"}],"wp:attachment":[{"href":"https:\/\/agora.xtec.cat\/ies-jaumebalmes\/wp-json\/wp\/v2\/media?parent=589"}],"wp:term":[{"taxonomy":"category","embeddable":true,"href":"https:\/\/agora.xtec.cat\/ies-jaumebalmes\/wp-json\/wp\/v2\/categories?post=589"},{"taxonomy":"post_tag","embeddable":true,"href":"https:\/\/agora.xtec.cat\/ies-jaumebalmes\/wp-json\/wp\/v2\/tags?post=589"}],"curies":[{"name":"wp","href":"https:\/\/api.w.org\/{rel}","templated":true}]}}