{"id":586,"date":"2011-04-04T13:10:02","date_gmt":"2011-04-04T12:10:02","guid":{"rendered":"http:\/\/agora.xtec.cat\/ies-jaumebalmes\/general\/campamya-aluminim-al-balmes\/"},"modified":"2011-04-04T13:10:02","modified_gmt":"2011-04-04T12:10:02","slug":"campamya-aluminim-al-balmes","status":"publish","type":"post","link":"https:\/\/agora.xtec.cat\/ies-jaumebalmes\/general\/campamya-aluminim-al-balmes\/","title":{"rendered":"Campamya AluM\u00ednim al Balmes"},"content":{"rendered":"<p>Aquesta setmana ha comen\u00e7at a l\u00e2??institut la <strong>campanya \u00e2??ALUM\u00cdNIM\u00e2?\u009d!<\/strong>, la qual pret\u00e9n aconseguir la reducci\u00f3 de l&#8217;\u00fas del paper d&#8217;alumini com a embolcall dels esmorzars.\n<\/p>\n<p>A <a href=\"\/ies-jaumebalmes\/intranet\/index.php?module=Downloads&#038;func=sublevel&#038;cid=35&#038;start=0\">Documents P\u00fablics | Agenda 21 escolar<\/a>\u00a0trobareu aquests documents:\n<\/p>\n<ul>\n<li><a href=\"\/ies-jaumebalmes\/intranet\/index.php?module=Downloads&#038;func=prep_hand_out&#038;lid=290\">el perqu\u00e8 de la campanya<\/a> en el PDF alum\u00ednim!, <\/li>\n<li><a href=\"\/ies-jaumebalmes\/intranet\/index.php?module=Downloads&#038;func=prep_hand_out&#038;lid=289\" target=\"_blank\">el Power Point<\/a>, fet pels alumnes de ci\u00e8ncies de la terra de 1r de batxillerat, que els delegats verds de l\u00e2??institut fan servir per explicar la problem\u00e0tica de l\u00e2??alumini a les tutories, i <\/li>\n<li><a href=\"\/ies-jaumebalmes\/intranet\/index.php?module=Downloads&#038;func=prep_hand_out&#038;lid=291\" target=\"_blank\">les gr\u00e0fiques de l\u00e2??\u00fas de l\u00e2??alumini en els esmorzars dels nostres alumnes, tant per cursos com per classes<\/a>.<br \/>\n  <\/li>\n<\/ul>\n<p>A final de curs, i dins del treball de s\u00edntesi de 3r d\u00e2??ESO, es tornar\u00e0 a passar l\u00e2??enquesta per veure si la campanya ha aconseguit els seus objectius.<br \/>\n  <br \/>No ho oblideu: <strong>\u00e2??ALUM\u00cdNIM\u00e2?\u009d!!!<\/strong><\/p>\n","protected":false},"excerpt":{"rendered":"<p>Aquesta setmana ha comen\u00e7at a l\u00e2??institut la campanya \u00e2??ALUM\u00cdNIM\u00e2?\u009d!, la qual pret\u00e9n aconseguir la reducci\u00f3 de l&#8217;\u00fas del paper d&#8217;alumini com a embolcall dels esmorzars.<\/p>\n<p>A <a href=\"\/ies-jaumebalmes\/intranet\/index.php?module=Downloads&#038;func=sublevel&#038;cid=35&#038;start=0\">Documents P\u00fablics | Agenda 21 escolar<\/a>\u00a0trobareu aquests documents:<\/p>\n<ul>\n<li><a href=\"\/ies-jaumebalmes\/intranet\/index.php?module=Downloads&#038;func=prep_hand_out&#038;lid=290\">el perqu\u00e8 de la campanya<\/a> en el PDF alum\u00ednim!, <\/li>\n<li><a href=\"\/ies-jaumebalmes\/intranet\/index.php?module=Downloads&#038;func=prep_hand_out&#038;lid=289\"&hellip;  <a href=\"https:\/\/agora.xtec.cat\/ies-jaumebalmes\/general\/campamya-aluminim-al-balmes\/\" title=\"Read Campamya AluM\u00ednim al Balmes\">Llegeix m\u00e9s\u00bb<\/a><br \/>\n","protected":false},"author":3,"featured_media":0,"comment_status":"open","ping_status":"open","sticky":false,"template":"","format":"standard","meta":{"_bbp_topic_count":0,"_bbp_reply_count":0,"_bbp_total_topic_count":0,"_bbp_total_reply_count":0,"_bbp_voice_count":0,"_bbp_anonymous_reply_count":0,"_bbp_topic_count_hidden":0,"_bbp_reply_count_hidden":0,"_bbp_forum_subforum_count":0,"footnotes":""},"categories":[1],"tags":[97,100],"class_list":["post-586","post","type-post","status-publish","format-standard","hentry","category-general","tag-intraweb","tag-noticies"],"post_mailing_queue_ids":[],"_links":{"self":[{"href":"https:\/\/agora.xtec.cat\/ies-jaumebalmes\/wp-json\/wp\/v2\/posts\/586","targetHints":{"allow":["GET"]}}],"collection":[{"href":"https:\/\/agora.xtec.cat\/ies-jaumebalmes\/wp-json\/wp\/v2\/posts"}],"about":[{"href":"https:\/\/agora.xtec.cat\/ies-jaumebalmes\/wp-json\/wp\/v2\/types\/post"}],"author":[{"embeddable":true,"href":"https:\/\/agora.xtec.cat\/ies-jaumebalmes\/wp-json\/wp\/v2\/users\/3"}],"replies":[{"embeddable":true,"href":"https:\/\/agora.xtec.cat\/ies-jaumebalmes\/wp-json\/wp\/v2\/comments?post=586"}],"version-history":[{"count":0,"href":"https:\/\/agora.xtec.cat\/ies-jaumebalmes\/wp-json\/wp\/v2\/posts\/586\/revisions"}],"wp:attachment":[{"href":"https:\/\/agora.xtec.cat\/ies-jaumebalmes\/wp-json\/wp\/v2\/media?parent=586"}],"wp:term":[{"taxonomy":"category","embeddable":true,"href":"https:\/\/agora.xtec.cat\/ies-jaumebalmes\/wp-json\/wp\/v2\/categories?post=586"},{"taxonomy":"post_tag","embeddable":true,"href":"https:\/\/agora.xtec.cat\/ies-jaumebalmes\/wp-json\/wp\/v2\/tags?post=586"}],"curies":[{"name":"wp","href":"https:\/\/api.w.org\/{rel}","templated":true}]}}