{"id":584,"date":"2011-03-31T13:53:35","date_gmt":"2011-03-31T12:53:35","guid":{"rendered":"http:\/\/agora.xtec.cat\/ies-jaumebalmes\/general\/premi-al-treball-de-recerca-de-laia-catasus\/"},"modified":"2011-03-31T13:53:35","modified_gmt":"2011-03-31T12:53:35","slug":"premi-al-treball-de-recerca-de-laia-catasus","status":"publish","type":"post","link":"https:\/\/agora.xtec.cat\/ies-jaumebalmes\/general\/premi-al-treball-de-recerca-de-laia-catasus\/","title":{"rendered":"Premi al Treball de Recerca de Laia Catas\u00fas"},"content":{"rendered":"<p><strong>\u00c3?ltima hora (18\/6):<\/strong> <strong>M\u00e9s premis per a la L\u00e0ia.<\/strong>\n<\/p>\n<p><strong>El treball de recerca &#8220;Els estomes a Barcelona i al Montseny&#8221;\u00a0de l\u00b4alumna Laia Catas\u00fas i Revent\u00f3s de 2n de batxillerat<\/strong>,\u00a0 ha estat\u00a0<strong>premiat\u00a0en la <a target=\"_blank\" href=\"http:\/\/www.edubcn.cat\/ca\/suport_educatiu_recursos\/esdeveniments\/recerca_jove_bcn_2010\">3a Mostra de Recerca Jove de Barcelona<\/a><\/strong>. Ha guanyat una estada de 8 dies a Bratislava per participar en activitats relacionades amb la ci\u00e8ncia amb joves de diferents pa\u00efsos, aix\u00f2 es far\u00e0 el proper mes de juliol. Dels 28 treballs finalistes n\u00b4han premiat 9, un d\u00b4ells \u00e9s el de la Laia.\n<\/p>\n<p>Felicitats de nou a la L\u00e0ia i la seva tutora del treball (Montserat Freixas).\n<\/p>\n<p>Aqu\u00ed teniu l\u00e2??enlla\u00e7 a la <a href=\"http:\/\/www.edubcn.cat\/rcs_gene\/extra\/05_recerca\/mostra_2011\/publicacio_mostrarecerca2011.pdf\" target=\"_blank\">Publicaci\u00f3 de la Mostra de Recerca Jove 2010-2011<\/a>, PDF 4MB\n<\/p>\n<p><a href=\"http:\/\/www.edubcn.cat\/rcs_gene\/extra\/05_recerca\/mostra_2011\/publicacio_mostrarecerca2011.pdf\"><img decoding=\"async\" src=\"http:\/\/www.edubcn.cat\/rcs_gene\/extra\/05_recerca\/mostra_2011\/publicacio_mostrarecerca2011-1.jpg\" \/><\/a>\u00a0\n<\/p>\n<p>=====<br \/>\n  \n<\/p>\n<p><strong>L\u00e0ia Catas\u00fas (BTX2B) <\/strong>amb el seu treball de recerca <strong>\u00e2??Els estomes a Barcelona i al Montseny\u00e2?\u009d<\/strong> ha estat<strong> guanyadora de la 2a mostra de Treballs de Recerca de Batxillerat de l\u00e2??Eixample<\/strong> i participar\u00e0 a la mostra de la ciutat en representaci\u00f3 de l\u00e2??Eixample.\n<\/p>\n<p>Felicitats a la L\u00e0ia i a la seva tutora del treball (Montserat Freixas).<br \/>\n  <\/p>\n","protected":false},"excerpt":{"rendered":"<p>\u00c3?ltima hora (18\/6): M\u00e9s premis per a la L\u00e0ia.<\/p>\n<p>El treball de recerca &#8220;Els estomes a Barcelona i al Montseny&#8221;\u00a0de l\u00b4alumna Laia Catas\u00fas i Revent\u00f3s de 2n de batxillerat,\u00a0 ha estat\u00a0premiat\u00a0en la <a target=\"_blank\" href=\"http:\/\/www.edubcn.cat\/ca\/suport_educatiu_recursos\/esdeveniments\/recerca_jove_bcn_2010\">3a Mostra de Recerca Jove de Barcelona<\/a>. Ha guanyat una estada de&hellip;  <a href=\"https:\/\/agora.xtec.cat\/ies-jaumebalmes\/general\/premi-al-treball-de-recerca-de-laia-catasus\/\" title=\"Read Premi al Treball de Recerca de Laia Catas\u00fas\">Llegeix m\u00e9s\u00bb<\/a><\/p>\n","protected":false},"author":3,"featured_media":0,"comment_status":"open","ping_status":"open","sticky":false,"template":"","format":"standard","meta":{"_bbp_topic_count":0,"_bbp_reply_count":0,"_bbp_total_topic_count":0,"_bbp_total_reply_count":0,"_bbp_voice_count":0,"_bbp_anonymous_reply_count":0,"_bbp_topic_count_hidden":0,"_bbp_reply_count_hidden":0,"_bbp_forum_subforum_count":0,"footnotes":""},"categories":[1],"tags":[97,100],"class_list":["post-584","post","type-post","status-publish","format-standard","hentry","category-general","tag-intraweb","tag-noticies"],"post_mailing_queue_ids":[],"_links":{"self":[{"href":"https:\/\/agora.xtec.cat\/ies-jaumebalmes\/wp-json\/wp\/v2\/posts\/584","targetHints":{"allow":["GET"]}}],"collection":[{"href":"https:\/\/agora.xtec.cat\/ies-jaumebalmes\/wp-json\/wp\/v2\/posts"}],"about":[{"href":"https:\/\/agora.xtec.cat\/ies-jaumebalmes\/wp-json\/wp\/v2\/types\/post"}],"author":[{"embeddable":true,"href":"https:\/\/agora.xtec.cat\/ies-jaumebalmes\/wp-json\/wp\/v2\/users\/3"}],"replies":[{"embeddable":true,"href":"https:\/\/agora.xtec.cat\/ies-jaumebalmes\/wp-json\/wp\/v2\/comments?post=584"}],"version-history":[{"count":0,"href":"https:\/\/agora.xtec.cat\/ies-jaumebalmes\/wp-json\/wp\/v2\/posts\/584\/revisions"}],"wp:attachment":[{"href":"https:\/\/agora.xtec.cat\/ies-jaumebalmes\/wp-json\/wp\/v2\/media?parent=584"}],"wp:term":[{"taxonomy":"category","embeddable":true,"href":"https:\/\/agora.xtec.cat\/ies-jaumebalmes\/wp-json\/wp\/v2\/categories?post=584"},{"taxonomy":"post_tag","embeddable":true,"href":"https:\/\/agora.xtec.cat\/ies-jaumebalmes\/wp-json\/wp\/v2\/tags?post=584"}],"curies":[{"name":"wp","href":"https:\/\/api.w.org\/{rel}","templated":true}]}}