{"id":579,"date":"2011-02-22T14:43:25","date_gmt":"2011-02-22T13:43:25","guid":{"rendered":"http:\/\/agora.xtec.cat\/ies-jaumebalmes\/general\/campionat-de-catalunya-de-cros-banyoles-2022011\/"},"modified":"2011-02-22T14:43:25","modified_gmt":"2011-02-22T13:43:25","slug":"campionat-de-catalunya-de-cros-banyoles-2022011","status":"publish","type":"post","link":"https:\/\/agora.xtec.cat\/ies-jaumebalmes\/general\/campionat-de-catalunya-de-cros-banyoles-2022011\/","title":{"rendered":"Campionat de Catalunya de cros. Banyoles 20\/2\/2011"},"content":{"rendered":"<p>Ja teniu disponible una selecci\u00f3 del Campionat de Catalunya de Cros en el que van participar un grup important d\u00e2??alumnat del centre. Banyoles 20\/2\/2011<\/p>\n<p> Gaudiu de les fotos<br \/>\n <\/p>\n<p><a target=\"_blank\" href=\"http:\/\/phobos.xtec.cat\/ies-jaumebalmes\/cpg1410\/thumbnails.php?album=99\"><img decoding=\"async\" style=\"width: 250px; height: 185px;\" src=\"http:\/\/phobos.xtec.cat\/ies-jaumebalmes\/cpg1410\/albums\/20110220CrosBanyoles\/normal_20110220_DSCN9525.jpg\" \/><\/a> <a target=\"_blank\" href=\"http:\/\/phobos.xtec.cat\/ies-jaumebalmes\/cpg1410\/thumbnails.php?album=99\"><img decoding=\"async\" style=\"width: 250px; height: 185px;\" src=\"http:\/\/phobos.xtec.cat\/ies-jaumebalmes\/cpg1410\/albums\/20110220CrosBanyoles\/normal_20110220_DSCN9565.jpg\" \/><\/a> <\/p>\n<h1>Final nacional de cros a Banyoles<br \/>\n<\/h1>\n<p> El passat diumenge 20 de febrer els 21 nois i noies de l\u00e2??institut que s\u00e2??havien classificat per a la final del campionat de Catalunya de Cros es van trobar al Parc de la Draga de Banyoles juntament amb m\u00e9s de 2200 atletes m\u00e9s de totes les comarques de Catalunya.<br \/>\n   <\/p>\n<p>En categoria individual l\u00e2??Aina Feliu de 1r de batxillerat va&nbsp; ser segona de la categoria juvenil, per\u00f2 on l\u00e2??institut va aconseguir uns resultats excel\u00e2?\u00a2lents va ser a la classificaci\u00f3 per equips, ja que a les 4 categories el nostre institut va pujar al podi.<br \/>\n   <\/p>\n<p>L\u00e2??equip cadet femen\u00ed format per la Marta Balaguer, l\u00e2??A\u00efda L\u00f3pez i la Clara Agust\u00ed va quedar 2n, l\u00e2??equip juvenil femen\u00ed format per l\u00e2??Aina Feliu, la Laura P\u00e9rez i la Itzel Paucarima va quedar 1r, l\u00e2??equip cadet mascul\u00ed format pel Guillem Mart\u00ednez, el Max Font i el Josep Cabr\u00e9 va quedar 2n i el juvenil mascul\u00ed format per l\u00e2??Adri\u00e0 Casanovas, el Llu\u00eds Solsona i el Guillem Beseran va quedar 2n.\n<\/p>\n<p>Enhorabona a tots els participants per fer del nostre institut el m\u00e9s anomenat en el podi, i us animem als que encara no heu provat aquest esport a que ho feu en els diferents cros de Barcelona.<br \/>\n   <\/p>\n<p>Aquest curs encara en queden 4:<br \/>\n <\/p>\n<ul>\n<li>27 de febrer al Parc Joan Mir\u00f3<\/li>\n<li>20 de mar\u00e7 al Parc de la Ciutadella<\/li>\n<li>10 d\u00e2??abril al Parc Central de Nou Barris<\/li>\n<li>15 de maig a Sant Andreu<\/li>\n<\/ul>\n","protected":false},"excerpt":{"rendered":"<p>Ja teniu disponible una selecci\u00f3 del Campionat de Catalunya de Cros en el que van participar un grup important d\u00e2??alumnat del centre. Banyoles 20\/2\/2011<br \/>\n Gaudiu de les fotos<\/p>\n<p><a target=\"_blank\" href=\"http:\/\/phobos.xtec.cat\/ies-jaumebalmes\/cpg1410\/thumbnails.php?album=99\"><\/a> <a target=\"_blank\" href=\"http:\/\/phobos.xtec.cat\/ies-jaumebalmes\/cpg1410\/thumbnails.php?album=99\"><\/a><br \/>\nFinal nacional de cros a Banyoles<\/p>\n<p> El passat diumenge 20 de&hellip;  <a href=\"https:\/\/agora.xtec.cat\/ies-jaumebalmes\/general\/campionat-de-catalunya-de-cros-banyoles-2022011\/\" title=\"Read Campionat de Catalunya de cros. Banyoles 20\/2\/2011\">Llegeix m\u00e9s\u00bb<\/a><\/p>\n","protected":false},"author":3,"featured_media":0,"comment_status":"open","ping_status":"open","sticky":false,"template":"","format":"standard","meta":{"_bbp_topic_count":0,"_bbp_reply_count":0,"_bbp_total_topic_count":0,"_bbp_total_reply_count":0,"_bbp_voice_count":0,"_bbp_anonymous_reply_count":0,"_bbp_topic_count_hidden":0,"_bbp_reply_count_hidden":0,"_bbp_forum_subforum_count":0,"footnotes":""},"categories":[1],"tags":[97,100],"class_list":["post-579","post","type-post","status-publish","format-standard","hentry","category-general","tag-intraweb","tag-noticies"],"post_mailing_queue_ids":[],"_links":{"self":[{"href":"https:\/\/agora.xtec.cat\/ies-jaumebalmes\/wp-json\/wp\/v2\/posts\/579","targetHints":{"allow":["GET"]}}],"collection":[{"href":"https:\/\/agora.xtec.cat\/ies-jaumebalmes\/wp-json\/wp\/v2\/posts"}],"about":[{"href":"https:\/\/agora.xtec.cat\/ies-jaumebalmes\/wp-json\/wp\/v2\/types\/post"}],"author":[{"embeddable":true,"href":"https:\/\/agora.xtec.cat\/ies-jaumebalmes\/wp-json\/wp\/v2\/users\/3"}],"replies":[{"embeddable":true,"href":"https:\/\/agora.xtec.cat\/ies-jaumebalmes\/wp-json\/wp\/v2\/comments?post=579"}],"version-history":[{"count":0,"href":"https:\/\/agora.xtec.cat\/ies-jaumebalmes\/wp-json\/wp\/v2\/posts\/579\/revisions"}],"wp:attachment":[{"href":"https:\/\/agora.xtec.cat\/ies-jaumebalmes\/wp-json\/wp\/v2\/media?parent=579"}],"wp:term":[{"taxonomy":"category","embeddable":true,"href":"https:\/\/agora.xtec.cat\/ies-jaumebalmes\/wp-json\/wp\/v2\/categories?post=579"},{"taxonomy":"post_tag","embeddable":true,"href":"https:\/\/agora.xtec.cat\/ies-jaumebalmes\/wp-json\/wp\/v2\/tags?post=579"}],"curies":[{"name":"wp","href":"https:\/\/api.w.org\/{rel}","templated":true}]}}