{"id":578,"date":"2011-02-14T13:37:56","date_gmt":"2011-02-14T12:37:56","guid":{"rendered":"http:\/\/agora.xtec.cat\/ies-jaumebalmes\/general\/exit-dels-nostres-alumnes-a-la-ii-olimpiada-de-geologia\/"},"modified":"2011-02-14T13:37:56","modified_gmt":"2011-02-14T12:37:56","slug":"exit-dels-nostres-alumnes-a-la-ii-olimpiada-de-geologia","status":"publish","type":"post","link":"https:\/\/agora.xtec.cat\/ies-jaumebalmes\/general\/exit-dels-nostres-alumnes-a-la-ii-olimpiada-de-geologia\/","title":{"rendered":"\u00c3?xit dels nostres alumnes a  la II Olimp\u00edada de Geologia"},"content":{"rendered":"<p><strong>31\/3:\u00a0 Samuel Nel\u00b7lo ha quedat 7\u00e8 a la olimp\u00edada de Geologia<\/strong> que es va celebrar a Madrid el dissabte 26 de marc. Com que \u00e9s el millor classificat de Catalunya t\u00e9 dret a una matr\u00edcula gratu\u00efta per estudiar Geologia a la facultat de Geologia que tri\u00ef.\n<\/p>\n<p><strong>Felicitats Samuel!<\/strong><br \/>\n  \n<\/p>\n<p><strong>\u00a0======<br \/>\n  <br \/><\/strong>\n<\/p>\n<p>Divendres, dia 11 de Febrer varen participar 24 alumnes de Ci\u00e8ncies de la Terra i el Medi Ambient a la <strong>II Olimp\u00edada de Geologia<\/strong>, <strong>quatre dels nostres alumnes varen quedar entre els 15 primers: Samuel Nel\u00b7lo (2n lloc), Crinan Jarret (6\u00e8 lloc), Pau Mar\u00edn (11\u00e8 lloc) i In\u00e9s S\u00e0nchez (12\u00e8 lloc)<\/strong>.\n<\/p>\n<p><strong>Els quatre primers classificats, entre ells Samuel Nel\u00b7lo, aniran a Madrid per a participar el dia 26 de mar\u00e7\u00a0 com a representants de la prov\u00edncia de Barcelona a l&#8217;Olimp\u00edada espanyola<\/strong>, els guanyadors espanyols participaran a la Internacional que enguany tindr\u00e0 lloc a M\u00f2dena (It\u00e0lia).\n<\/p>\n<p>\n  <br \/><strong>Felicitats a tots<\/strong> els participats i a la seva professora (Catalina Sureda)\n<\/p>\n<p>Aqu\u00ed teniu unes fotos dels participants i dels premiats:<a target=\"_blank\" href=\"http:\/\/www.xtec.cat\/ies-jaumebalmes\/imatges\/20110211_participants.JPG\"><img decoding=\"async\" src=\"http:\/\/www.xtec.cat\/ies-jaumebalmes\/imatges\/s_20110211_participants.JPG\" align=\"left\" \/><\/a>\u00a0\n<\/p>\n<p><a target=\"_blank\" href=\"http:\/\/www.xtec.cat\/ies-jaumebalmes\/imatges\/20110211_participants.JPG\"><img decoding=\"async\" src=\"http:\/\/www.xtec.cat\/ies-jaumebalmes\/imatges\/s_20110211_guanyadors.jpg\" \/><img decoding=\"async\" src=\"http:\/\/www.xtec.cat\/ies-jaumebalmes\/imatges\/s_20110211_participants.jpg\" \/><img decoding=\"async\" src=\"http:\/\/www.xtec.cat\/ies-jaumebalmes\/imatges\/s_20110211_participants%202.jpg\" \/><img decoding=\"async\" src=\"http:\/\/www.xtec.cat\/ies-jaumebalmes\/imatges\/s_20110211_participants%202.JPG\" align=\"left\" \/><\/a><\/p>\n","protected":false},"excerpt":{"rendered":"<p>31\/3:\u00a0 Samuel Nel\u00b7lo ha quedat 7\u00e8 a la olimp\u00edada de Geologia que es va celebrar a Madrid el dissabte 26 de marc. Com que \u00e9s el millor classificat de Catalunya t\u00e9 dret a una matr\u00edcula gratu\u00efta per estudiar Geologia a la facultat de Geologia que&hellip;  <a href=\"https:\/\/agora.xtec.cat\/ies-jaumebalmes\/general\/exit-dels-nostres-alumnes-a-la-ii-olimpiada-de-geologia\/\" title=\"Read \u00c3?xit dels nostres alumnes a  la II Olimp\u00edada de Geologia\">Llegeix m\u00e9s\u00bb<\/a><\/p>\n","protected":false},"author":3,"featured_media":0,"comment_status":"open","ping_status":"open","sticky":false,"template":"","format":"standard","meta":{"_bbp_topic_count":0,"_bbp_reply_count":0,"_bbp_total_topic_count":0,"_bbp_total_reply_count":0,"_bbp_voice_count":0,"_bbp_anonymous_reply_count":0,"_bbp_topic_count_hidden":0,"_bbp_reply_count_hidden":0,"_bbp_forum_subforum_count":0,"footnotes":""},"categories":[1],"tags":[97,100],"class_list":["post-578","post","type-post","status-publish","format-standard","hentry","category-general","tag-intraweb","tag-noticies"],"post_mailing_queue_ids":[],"_links":{"self":[{"href":"https:\/\/agora.xtec.cat\/ies-jaumebalmes\/wp-json\/wp\/v2\/posts\/578","targetHints":{"allow":["GET"]}}],"collection":[{"href":"https:\/\/agora.xtec.cat\/ies-jaumebalmes\/wp-json\/wp\/v2\/posts"}],"about":[{"href":"https:\/\/agora.xtec.cat\/ies-jaumebalmes\/wp-json\/wp\/v2\/types\/post"}],"author":[{"embeddable":true,"href":"https:\/\/agora.xtec.cat\/ies-jaumebalmes\/wp-json\/wp\/v2\/users\/3"}],"replies":[{"embeddable":true,"href":"https:\/\/agora.xtec.cat\/ies-jaumebalmes\/wp-json\/wp\/v2\/comments?post=578"}],"version-history":[{"count":0,"href":"https:\/\/agora.xtec.cat\/ies-jaumebalmes\/wp-json\/wp\/v2\/posts\/578\/revisions"}],"wp:attachment":[{"href":"https:\/\/agora.xtec.cat\/ies-jaumebalmes\/wp-json\/wp\/v2\/media?parent=578"}],"wp:term":[{"taxonomy":"category","embeddable":true,"href":"https:\/\/agora.xtec.cat\/ies-jaumebalmes\/wp-json\/wp\/v2\/categories?post=578"},{"taxonomy":"post_tag","embeddable":true,"href":"https:\/\/agora.xtec.cat\/ies-jaumebalmes\/wp-json\/wp\/v2\/tags?post=578"}],"curies":[{"name":"wp","href":"https:\/\/api.w.org\/{rel}","templated":true}]}}