{"id":573,"date":"2011-01-11T12:54:16","date_gmt":"2011-01-11T11:54:16","guid":{"rendered":"http:\/\/agora.xtec.cat\/ies-jaumebalmes\/general\/de-marxa-fent-esport-4t-deso-2010\/"},"modified":"2011-01-11T12:54:16","modified_gmt":"2011-01-11T11:54:16","slug":"de-marxa-fent-esport-4t-deso-2010","status":"publish","type":"post","link":"https:\/\/agora.xtec.cat\/ies-jaumebalmes\/general\/de-marxa-fent-esport-4t-deso-2010\/","title":{"rendered":"De marxa fent esport &#8211; 4t d&#8217;ESO 2010"},"content":{"rendered":"<p>Els nostres <strong>alumnes de 4t d\u00e2??ESO<\/strong> han participat al programa <strong>De marxa&#8230; fent esport!<\/strong>, que promou l\u00e2??Ag\u00e8ncia de Salut P\u00fablica.<br \/>\n  <br \/>El programa pret\u00e9n fer promoci\u00f3 de l\u00e2??oci saludable, tot estimulant la pr\u00e0ctica de l\u00e2??exercici f\u00edsic en el temps de lleure i donar a con\u00e8ixer recursos esportius del nostre districte. \u00c3?s per aix\u00f2 que l\u00e2??activitat s\u00e2??ha realitzat al poliesportiu municipal Joan Mir\u00f3.<br \/>\n  <br \/>Tamb\u00e9 pret\u00e9n fer prevenci\u00f3 del consum de drogues.<\/p>\n<p>L\u00e2??activitat consta de 3 fases:\n<\/p>\n<ul>\n<li>La primera ha estat una xerrada sobre la promoci\u00f3 d\u00e2??oci saludable i de prevenci\u00f3 de drogodepend\u00e8ncies en una classe d\u00e2??educaci\u00f3 f\u00edsica.<\/li>\n<li>La segona ha estat una visita al Poliesportiu Municipal Joan Mir\u00f3 on han participat en diferents activitats (espining, esports alternatius, steps, condicionament f\u00edsic amb suport musical, body balance&#8230;) al llarg de tot un mat\u00ed.<\/li>\n<li>La tercera fase ofereix la possibilitat d\u00e2??apuntar-se a la instal\u00e2?\u00a2laci\u00f3 municipal a un preu molt assequible de 7\u00e2?\u00ac al mes fins que els nois i noies facin 18 anys.<br \/>\n  <\/li>\n<\/ul>\n<p><strong>Us adjuntem unes fotografies de les activitats<\/strong> que van realitzar els nostres alumnes al poliesportiu Joan Mir\u00f3:\n<\/p>\n<p><a target=\"_blank\" href=\"http:\/\/phobos.xtec.cat\/ies-jaumebalmes\/cpg1410\/thumbnails.php?album=96\"><img decoding=\"async\" src=\"http:\/\/phobos.xtec.cat\/ies-jaumebalmes\/cpg1410\/albums\/20101209FentEsport\/normal_20101209_DSCN9198.jpg\" \/><\/a> <\/p>\n","protected":false},"excerpt":{"rendered":"<p>Els nostres alumnes de 4t d\u00e2??ESO han participat al programa De marxa&#8230; fent esport!, que promou l\u00e2??Ag\u00e8ncia de Salut P\u00fablica.<br \/>\n  El programa pret\u00e9n fer promoci\u00f3 de l\u00e2??oci saludable, tot estimulant la pr\u00e0ctica de l\u00e2??exercici f\u00edsic en el temps de lleure i donar a con\u00e8ixer&hellip;  <a href=\"https:\/\/agora.xtec.cat\/ies-jaumebalmes\/general\/de-marxa-fent-esport-4t-deso-2010\/\" title=\"Read De marxa fent esport &#8211; 4t d&#8217;ESO 2010\">Llegeix m\u00e9s\u00bb<\/a><\/p>\n","protected":false},"author":3,"featured_media":0,"comment_status":"open","ping_status":"open","sticky":false,"template":"","format":"standard","meta":{"_bbp_topic_count":0,"_bbp_reply_count":0,"_bbp_total_topic_count":0,"_bbp_total_reply_count":0,"_bbp_voice_count":0,"_bbp_anonymous_reply_count":0,"_bbp_topic_count_hidden":0,"_bbp_reply_count_hidden":0,"_bbp_forum_subforum_count":0,"footnotes":""},"categories":[1],"tags":[97,100],"class_list":["post-573","post","type-post","status-publish","format-standard","hentry","category-general","tag-intraweb","tag-noticies"],"post_mailing_queue_ids":[],"_links":{"self":[{"href":"https:\/\/agora.xtec.cat\/ies-jaumebalmes\/wp-json\/wp\/v2\/posts\/573","targetHints":{"allow":["GET"]}}],"collection":[{"href":"https:\/\/agora.xtec.cat\/ies-jaumebalmes\/wp-json\/wp\/v2\/posts"}],"about":[{"href":"https:\/\/agora.xtec.cat\/ies-jaumebalmes\/wp-json\/wp\/v2\/types\/post"}],"author":[{"embeddable":true,"href":"https:\/\/agora.xtec.cat\/ies-jaumebalmes\/wp-json\/wp\/v2\/users\/3"}],"replies":[{"embeddable":true,"href":"https:\/\/agora.xtec.cat\/ies-jaumebalmes\/wp-json\/wp\/v2\/comments?post=573"}],"version-history":[{"count":0,"href":"https:\/\/agora.xtec.cat\/ies-jaumebalmes\/wp-json\/wp\/v2\/posts\/573\/revisions"}],"wp:attachment":[{"href":"https:\/\/agora.xtec.cat\/ies-jaumebalmes\/wp-json\/wp\/v2\/media?parent=573"}],"wp:term":[{"taxonomy":"category","embeddable":true,"href":"https:\/\/agora.xtec.cat\/ies-jaumebalmes\/wp-json\/wp\/v2\/categories?post=573"},{"taxonomy":"post_tag","embeddable":true,"href":"https:\/\/agora.xtec.cat\/ies-jaumebalmes\/wp-json\/wp\/v2\/tags?post=573"}],"curies":[{"name":"wp","href":"https:\/\/api.w.org\/{rel}","templated":true}]}}