{"id":569,"date":"2010-12-02T16:52:21","date_gmt":"2010-12-02T15:52:21","guid":{"rendered":"http:\/\/agora.xtec.cat\/ies-jaumebalmes\/general\/publicacio-sobre-joan-maragall-dalumnat-de-4t-deso\/"},"modified":"2010-12-02T16:52:21","modified_gmt":"2010-12-02T15:52:21","slug":"publicacio-sobre-joan-maragall-dalumnat-de-4t-deso","status":"publish","type":"post","link":"https:\/\/agora.xtec.cat\/ies-jaumebalmes\/general\/publicacio-sobre-joan-maragall-dalumnat-de-4t-deso\/","title":{"rendered":"Publicaci\u00f3 sobre Joan Maragall de l&#8217;alumnat de 4t d&#8217;ESO"},"content":{"rendered":"<p>Aqu\u00ed teniu la versi\u00f3 digital de la <strong>publicaci\u00f3 sobre Joan Maragall feta per alumnat de 4t d\u00e2??ESO <\/strong>durant el curs 2009\/2010. Aquest treball \u00e9s fruit d\u00e2??un treball interdisciplinari entre Llengua Catalana i Literatura i Educaci\u00f3 Visual i Pl\u00e0stica. Feina coordinada per Dolors Viola i Llu\u00eds Trav\u00e9.\n<\/p>\n<p>Felicitats als autors i que gaudiu de la publicaci\u00f3\n<\/p>\n<p><a target=\"_blank\" href=\"http:\/\/www.xtec.cat\/ies-jaumebalmes\/maragall2010\/\"><img decoding=\"async\" src=\"http:\/\/www.xtec.cat\/ies-jaumebalmes\/maragall2010\/caratula500.jpg\" \/><\/a><br \/>\n  <\/p>\n","protected":false},"excerpt":{"rendered":"<p>Aqu\u00ed teniu la versi\u00f3 digital de la publicaci\u00f3 sobre Joan Maragall feta per alumnat de 4t d\u00e2??ESO durant el curs 2009\/2010. Aquest treball \u00e9s fruit d\u00e2??un treball interdisciplinari entre Llengua Catalana i Literatura i Educaci\u00f3 Visual i Pl\u00e0stica. Feina coordinada per Dolors Viola i Llu\u00eds&hellip;  <a href=\"https:\/\/agora.xtec.cat\/ies-jaumebalmes\/general\/publicacio-sobre-joan-maragall-dalumnat-de-4t-deso\/\" title=\"Read Publicaci\u00f3 sobre Joan Maragall de l&#8217;alumnat de 4t d&#8217;ESO\">Llegeix m\u00e9s\u00bb<\/a><\/p>\n","protected":false},"author":3,"featured_media":0,"comment_status":"open","ping_status":"open","sticky":false,"template":"","format":"standard","meta":{"_bbp_topic_count":0,"_bbp_reply_count":0,"_bbp_total_topic_count":0,"_bbp_total_reply_count":0,"_bbp_voice_count":0,"_bbp_anonymous_reply_count":0,"_bbp_topic_count_hidden":0,"_bbp_reply_count_hidden":0,"_bbp_forum_subforum_count":0,"footnotes":""},"categories":[1],"tags":[97,100],"class_list":["post-569","post","type-post","status-publish","format-standard","hentry","category-general","tag-intraweb","tag-noticies"],"post_mailing_queue_ids":[],"_links":{"self":[{"href":"https:\/\/agora.xtec.cat\/ies-jaumebalmes\/wp-json\/wp\/v2\/posts\/569","targetHints":{"allow":["GET"]}}],"collection":[{"href":"https:\/\/agora.xtec.cat\/ies-jaumebalmes\/wp-json\/wp\/v2\/posts"}],"about":[{"href":"https:\/\/agora.xtec.cat\/ies-jaumebalmes\/wp-json\/wp\/v2\/types\/post"}],"author":[{"embeddable":true,"href":"https:\/\/agora.xtec.cat\/ies-jaumebalmes\/wp-json\/wp\/v2\/users\/3"}],"replies":[{"embeddable":true,"href":"https:\/\/agora.xtec.cat\/ies-jaumebalmes\/wp-json\/wp\/v2\/comments?post=569"}],"version-history":[{"count":0,"href":"https:\/\/agora.xtec.cat\/ies-jaumebalmes\/wp-json\/wp\/v2\/posts\/569\/revisions"}],"wp:attachment":[{"href":"https:\/\/agora.xtec.cat\/ies-jaumebalmes\/wp-json\/wp\/v2\/media?parent=569"}],"wp:term":[{"taxonomy":"category","embeddable":true,"href":"https:\/\/agora.xtec.cat\/ies-jaumebalmes\/wp-json\/wp\/v2\/categories?post=569"},{"taxonomy":"post_tag","embeddable":true,"href":"https:\/\/agora.xtec.cat\/ies-jaumebalmes\/wp-json\/wp\/v2\/tags?post=569"}],"curies":[{"name":"wp","href":"https:\/\/api.w.org\/{rel}","templated":true}]}}