{"id":562,"date":"2010-11-02T13:19:59","date_gmt":"2010-11-02T12:19:59","guid":{"rendered":"http:\/\/agora.xtec.cat\/ies-jaumebalmes\/general\/eleccions-renovacio-parcial-consell-escolar-novembre-2010\/"},"modified":"2010-11-02T13:19:59","modified_gmt":"2010-11-02T12:19:59","slug":"eleccions-renovacio-parcial-consell-escolar-novembre-2010","status":"publish","type":"post","link":"https:\/\/agora.xtec.cat\/ies-jaumebalmes\/general\/eleccions-renovacio-parcial-consell-escolar-novembre-2010\/","title":{"rendered":"Eleccions renovaci\u00f3 parcial Consell escolar. Novembre 2010"},"content":{"rendered":"<p><strong>24\/11\/2010: Publiquem resultat dels sectors alumnat i fam\u00edlies<\/strong><br \/>\n  \n<\/p>\n<p><strong>15\/11\/2010: Es publiquen els candidats dels diferents sectors i s&#8217;habilita l&#8217;espai web per a la seva proganda electoral. <\/strong><br \/>\n  \n<\/p>\n<table style=\"display: table;\" class=\" htmtableborders\" border=\"1\" width=\"500\">\n<tbody>\n<tr>\n<td>\n<p><strong>Sector Alumnat (es vota 1 representant)<br \/>\n      <br \/><\/strong>\n    <\/p>\n<\/td>\n<td><strong>Curs<\/strong><br \/>\n    <\/td>\n<td><strong>Documents de la seva campanya electoral<\/strong><br \/>\n    <\/td>\n<td><strong>Vots<\/strong><br \/>\n    <\/td>\n<\/tr>\n<tr>\n<td>Alkuwaifi Torres, Nur<br \/>\n    <\/td>\n<td>ESO 3B<br \/>\n    <\/td>\n<td>\n    <\/td>\n<td align=\"center\"> 99<br \/>\n    <\/td>\n<\/tr>\n<tr>\n<td>Giralt Escudero, Nuria<br \/>\n    <\/td>\n<td>ESO 4B<br \/>\n    <\/td>\n<td>\n    <\/td>\n<td align=\"center\"> 185<br \/>\n    <\/td>\n<\/tr>\n<tr>\n<td>Gonz\u00e1lez Shejtman, Pablo<br \/>\n    <\/td>\n<td>ESO 3C<br \/>\n    <\/td>\n<td>\n    <\/td>\n<td align=\"center\"> 59<br \/>\n    <\/td>\n<\/tr>\n<tr>\n<td>Mart\u00edn Pay\u00e0, Ariadna<br \/>\n    <\/td>\n<td>BTX 2C<br \/>\n    <\/td>\n<td>\n    <\/td>\n<td align=\"center\"> 134<br \/>\n    <\/td>\n<\/tr>\n<tr>\n<td>Nuls: 14 i blancs: 62<br \/>\n    <\/td>\n<\/tr>\n<\/tbody>\n<\/table>\n<p>Aqu\u00ed teniu una selecci\u00f3 de fotos de l\u00e2??acte central de presentaci\u00f3 de candidats de l\u00e2??alumnat (18\/11):\n<\/p>\n<p><a target=\"_blank\" href=\"\/ies-jaumebalmes\/cpg1410\/thumbnails.php?album=91\"><img decoding=\"async\" style=\"width: 250px; height: 186px;\" src=\"\/ies-jaumebalmes\/cpg1410\/albums\/201011CE\/normal_20101118_CIMG1153.jpg\" \/><\/a> <a target=\"_blank\" href=\"\/ies-jaumebalmes\/cpg1410\/thumbnails.php?album=91\"><img decoding=\"async\" style=\"width: 250px; height: 186px;\" src=\"\/ies-jaumebalmes\/cpg1410\/albums\/201011CE\/normal_20101118_CIMG1152.jpg\" \/><\/a><br \/>\n  \n<\/p>\n<table style=\"display: table; width: 500px;\" class=\" htmtableborders\" border=\"1\">\n<tbody>\n<tr>\n<td><strong>Sector fam\u00edlies (es vota 1 representant)<br \/>\n    <br \/><\/strong><\/td>\n<td><strong>Documents de la seva campanya electoral<\/strong><br \/>\n    <\/td>\n<td> Vots<br \/>\n    <\/td>\n<\/tr>\n<tr>\n<td>Coderch Porras, Llu\u00eds<br \/>\n    <\/td>\n<td align=\"center\"> <a target=\"_blank\" href=\"\/ies-jaumebalmes\/intranet\/index.php?module=Downloads&#038;func=prep_hand_out&#038;lid=248\">Full informatiu del 18\/11<\/a><br \/>\n    <\/td>\n<td align=\"center\"> 44<br \/>\n    <\/td>\n<\/tr>\n<tr>\n<td>N\u00fa\u00f1ez de Arenas i Castells, Anna<br \/>\n    <\/td>\n<td align=\"center\"> <a target=\"_blank\" href=\"\/ies-jaumebalmes\/intranet\/index.php?module=Downloads&#038;func=prep_hand_out&#038;lid=245\">Full informatiu del 16\/11<\/a><br \/>\n    <\/td>\n<td align=\"center\"> 27<br \/>\n    <\/td>\n<\/tr>\n<tr>\n<td>Blanc: 1<br \/>\n    <\/td>\n<\/tr>\n<\/tbody>\n<\/table>\n<p> ========================================================<br \/>\n<br \/><strong>2\/11\/2010: <\/strong><\/p>\n<table style=\"display: table;\" class=\" htmtableborders\" border=\"0\">\n<tbody>\n<tr>\n<td>El proc\u00e9s electoral que permetr\u00e0 renovar la meitat dels\u00a0<a href=\"http:\/\/www20.gencat.cat\/portal\/site\/Educacio\/menuitem.a735c8413184c341c65d3082b0c0e1a0\/?vgnextoid=7535f2da8c305110VgnVCM1000000b0c1e0aRCRD&#038;vgnextchannel=7535f2da8c305110VgnVCM1000000b0c1e0aRCRD&#038;vgnextfmt=default&#038;contentid=7f2bc6277775b210VgnVCM1000008d0c1e0aRCRD#Bloc40c80de82975b210VgnVCM1000008d0c1e0a____\">consells escolars<\/a> ja est\u00e0 en marxa. Les votacions se celebraran entre el 22 i el 26 de novembre.<br \/>\n    <br \/>A <strong><a target=\"_blank\" href=\"\/ies-jaumebalmes\/intranet\/index.php?module=Downloads&#038;func=sublevel&#038;cid=9&#038;start=0\">Documents P\u00fablics<\/a><\/strong> teniu la <a target=\"_blank\" href=\"\/ies-jaumebalmes\/intranet\/index.php?module=Downloads&#038;func=prep_hand_out&#038;lid=234\">convocat\u00f2ria <\/a>i el <a target=\"_blank\" href=\"\/ies-jaumebalmes\/intranet\/index.php?module=Downloads&#038;func=prep_hand_out&#038;lid=235\">calendari.<\/a> I al taullel d\u00e2??anuncis del centre teniu tota la documentaci\u00f3 (censos, etc.)\u00a0 <\/td>\n<td><a target=\"_blank\" href=\"http:\/\/www20.gencat.cat\/portal\/site\/Educacio\/menuitem.a735c8413184c341c65d3082b0c0e1a0\/?vgnextoid=7535f2da8c305110VgnVCM1000000b0c1e0aRCRD&#038;vgnextchannel=7535f2da8c305110VgnVCM1000000b0c1e0aRCRD&#038;vgnextfmt=default&#038;contentid=7f2bc6277775b210VgnVCM1000008d0c1e0aRCRD\"><img decoding=\"async\" src=\"http:\/\/www20.gencat.cat\/docs\/Educacio\/Imatges\/00_ARXIUS\/Boto_eleccions_84x84.jpg\" border=\"0\" \/><\/a><\/td>\n<\/tr>\n<\/tbody>\n<\/table>\n<p><strong>En el nostre Consel Escolar s\u00e2??ha de renovar: 1 pla\u00e7a del sector fam\u00edlies, 1 pla\u00e7a de l\u00e2??alumnat i 3 places del professorat<\/strong>.<br \/>\n  \n<\/p>\n<table style=\"display: table;\" class=\" htmtableborders\" border=\"1\" width=\"500\" height=\"301\">\n<tbody>\n<tr>\n<td>2\/11\/2010 dimarts <\/td>\n<td>\n<p>Publicaci\u00f3 de la <a target=\"_blank\" href=\"\/ies-jaumebalmes\/intranet\/index.php?module=Downloads&#038;%u205Efunc=prep_hand_out&#038;lid=234\">convocat\u00f2ria<\/a>, <a target=\"_blank\" href=\"\/ies-jaumebalmes\/intranet\/index.php?module=Downloads&#038;func=prep_hand_out&#038;lid=235\">calendari<\/a>, censos provisionals dels diferents sectors i del sorteig de les meses eslectorals.<br \/>\n      \n    <\/p>\n<\/td>\n<\/tr>\n<tr>\n<td>Del 2\/11 al 5\/11 <\/td>\n<td>Reclamacions al cens. A la Secretaria del centre.<\/td>\n<\/tr>\n<tr>\n<td>8\/11 dilluns <\/td>\n<td>Constituci\u00f3 de les meses electorals del secotr fam\u00edlies i alumnes. Publicaci\u00f3 del cens definitiu <\/td>\n<\/tr>\n<tr>\n<td><strong>Del 8\/11 al 12\/11<\/strong><\/td>\n<td><strong>Presentaci\u00f3 de candiatures dels diferents sectors. A Direcci\u00f3. <\/strong><\/td>\n<\/tr>\n<tr>\n<td>15\/11 dilluns <\/td>\n<td>\n<p>Publicaci\u00f3 llista de candidats dels diferetns sectors.\n    <\/p>\n<\/td>\n<\/tr>\n<tr>\n<td><strong>22\/11 dilluns<\/strong><\/td>\n<td><strong>Votaci\u00f3 sector alumnes. Veure <a target=\"_blank\" href=\"\/ies-jaumebalmes\/intranet\/index.php?module=Downloads&#038;func=prep_hand_out&#038;lid=235\">calendari<\/a>.<\/strong><\/td>\n<\/tr>\n<tr>\n<td><strong>23\/11 dimarts<\/strong><\/td>\n<td><strong>Votaci\u00f3 sector fam\u00edlies. Veure <\/strong><strong><a target=\"_blank\" href=\"index.php?module=Downloads&#038;func=prep_hand_out&#038;lid=235\">calendari<\/a>.<\/strong><\/td>\n<\/tr>\n<tr>\n<td><strong>24\/11 dimecres <\/strong><\/td>\n<td><strong>Votaci\u00f3 professorat.<\/strong><\/td>\n<\/tr>\n<tr>\n<td>24\/12\/2010 dimarts <\/td>\n<td>Constituci\u00f3 del Consell Escolar i les seves comissions<\/td>\n<\/tr>\n<\/tbody>\n<\/table>\n","protected":false},"excerpt":{"rendered":"<p>24\/11\/2010: Publiquem resultat dels sectors alumnat i fam\u00edlies<\/p>\n<p>15\/11\/2010: Es publiquen els candidats dels diferents sectors i s&#8217;habilita l&#8217;espai web per a la seva proganda electoral. <\/p>\n<p>Sector Alumnat (es vota 1 representant)<\/p>\n<p>Curs<br \/>\n&hellip;  <a href=\"https:\/\/agora.xtec.cat\/ies-jaumebalmes\/general\/eleccions-renovacio-parcial-consell-escolar-novembre-2010\/\" title=\"Read Eleccions renovaci\u00f3 parcial Consell escolar. Novembre 2010\">Llegeix m\u00e9s\u00bb<\/a><\/p>\n","protected":false},"author":3,"featured_media":0,"comment_status":"open","ping_status":"open","sticky":false,"template":"","format":"standard","meta":{"_bbp_topic_count":0,"_bbp_reply_count":0,"_bbp_total_topic_count":0,"_bbp_total_reply_count":0,"_bbp_voice_count":0,"_bbp_anonymous_reply_count":0,"_bbp_topic_count_hidden":0,"_bbp_reply_count_hidden":0,"_bbp_forum_subforum_count":0,"footnotes":""},"categories":[1],"tags":[97,100],"class_list":["post-562","post","type-post","status-publish","format-standard","hentry","category-general","tag-intraweb","tag-noticies"],"post_mailing_queue_ids":[],"_links":{"self":[{"href":"https:\/\/agora.xtec.cat\/ies-jaumebalmes\/wp-json\/wp\/v2\/posts\/562","targetHints":{"allow":["GET"]}}],"collection":[{"href":"https:\/\/agora.xtec.cat\/ies-jaumebalmes\/wp-json\/wp\/v2\/posts"}],"about":[{"href":"https:\/\/agora.xtec.cat\/ies-jaumebalmes\/wp-json\/wp\/v2\/types\/post"}],"author":[{"embeddable":true,"href":"https:\/\/agora.xtec.cat\/ies-jaumebalmes\/wp-json\/wp\/v2\/users\/3"}],"replies":[{"embeddable":true,"href":"https:\/\/agora.xtec.cat\/ies-jaumebalmes\/wp-json\/wp\/v2\/comments?post=562"}],"version-history":[{"count":0,"href":"https:\/\/agora.xtec.cat\/ies-jaumebalmes\/wp-json\/wp\/v2\/posts\/562\/revisions"}],"wp:attachment":[{"href":"https:\/\/agora.xtec.cat\/ies-jaumebalmes\/wp-json\/wp\/v2\/media?parent=562"}],"wp:term":[{"taxonomy":"category","embeddable":true,"href":"https:\/\/agora.xtec.cat\/ies-jaumebalmes\/wp-json\/wp\/v2\/categories?post=562"},{"taxonomy":"post_tag","embeddable":true,"href":"https:\/\/agora.xtec.cat\/ies-jaumebalmes\/wp-json\/wp\/v2\/tags?post=562"}],"curies":[{"name":"wp","href":"https:\/\/api.w.org\/{rel}","templated":true}]}}