{"id":561,"date":"2010-10-26T23:55:14","date_gmt":"2010-10-26T22:55:14","guid":{"rendered":"http:\/\/agora.xtec.cat\/ies-jaumebalmes\/general\/ii-concurs-interdisciplinar-llengua-catalana-castellana-i-visual-i-plastica\/"},"modified":"2010-10-26T23:55:14","modified_gmt":"2010-10-26T22:55:14","slug":"ii-concurs-interdisciplinar-llengua-catalana-castellana-i-visual-i-plastica","status":"publish","type":"post","link":"https:\/\/agora.xtec.cat\/ies-jaumebalmes\/general\/ii-concurs-interdisciplinar-llengua-catalana-castellana-i-visual-i-plastica\/","title":{"rendered":"II Concurs Interdisciplinar Llengua Catalana, Castellana i Visual i Pl\u00e0stica. Nadal 2010"},"content":{"rendered":"<p>Continuant iniciatives anteriors i at\u00e8s l&#8217;\u00e8xit de la primera edici\u00f3, i amb la finalitat de potenciar la interdisciplinarietat en el centre i amb l&#8217;objectiu \u00faltim de desenvolupar la creativitat entre els alumnes m\u00e9s joves, els departaments esmentats convoquen el &#8220;<em>II Concurs Interdisciplinar Llengua Catalana, Castellana i Visual i Pl\u00e0stica&#8221; (&#8220;CONLLEVIS&#8221;)<\/em> destinat a <strong>alumnes del Primer Cicle d&#8217;ESO<\/strong>.<br \/>\n  <br \/><strong>El termini de presentaci\u00f3 finalitzar\u00e0 el divendres 10 de desembre a les 13 h<\/strong>.<br \/>\n  \n<\/p>\n<p>Aqu\u00ed teniu el cartell i les bases de la convocat\u00f2ria\n<\/p>\n<p> <a target=\"_blank\" href=\"\/ies-jaumebalmes\/intranet\/index.php?module=Downloads&#038;func=prep_hand_out&#038;lid=232\"><img decoding=\"async\" src=\"http:\/\/www.xtec.cat\/ies-jaumebalmes\/imatges\/2010ConcursLlenguaVisual.jpg\" \/><\/a><br \/>\n  <\/p>\n","protected":false},"excerpt":{"rendered":"<p>Continuant iniciatives anteriors i at\u00e8s l&#8217;\u00e8xit de la primera edici\u00f3, i amb la finalitat de potenciar la interdisciplinarietat en el centre i amb l&#8217;objectiu \u00faltim de desenvolupar la creativitat entre els alumnes m\u00e9s joves, els departaments esmentats convoquen el &#8220;II Concurs Interdisciplinar Llengua Catalana, Castellana&hellip;  <a href=\"https:\/\/agora.xtec.cat\/ies-jaumebalmes\/general\/ii-concurs-interdisciplinar-llengua-catalana-castellana-i-visual-i-plastica\/\" title=\"Read II Concurs Interdisciplinar Llengua Catalana, Castellana i Visual i Pl\u00e0stica. Nadal 2010\">Llegeix m\u00e9s\u00bb<\/a><\/p>\n","protected":false},"author":3,"featured_media":0,"comment_status":"open","ping_status":"open","sticky":false,"template":"","format":"standard","meta":{"_bbp_topic_count":0,"_bbp_reply_count":0,"_bbp_total_topic_count":0,"_bbp_total_reply_count":0,"_bbp_voice_count":0,"_bbp_anonymous_reply_count":0,"_bbp_topic_count_hidden":0,"_bbp_reply_count_hidden":0,"_bbp_forum_subforum_count":0,"footnotes":""},"categories":[1],"tags":[97,100],"class_list":["post-561","post","type-post","status-publish","format-standard","hentry","category-general","tag-intraweb","tag-noticies"],"post_mailing_queue_ids":[],"_links":{"self":[{"href":"https:\/\/agora.xtec.cat\/ies-jaumebalmes\/wp-json\/wp\/v2\/posts\/561","targetHints":{"allow":["GET"]}}],"collection":[{"href":"https:\/\/agora.xtec.cat\/ies-jaumebalmes\/wp-json\/wp\/v2\/posts"}],"about":[{"href":"https:\/\/agora.xtec.cat\/ies-jaumebalmes\/wp-json\/wp\/v2\/types\/post"}],"author":[{"embeddable":true,"href":"https:\/\/agora.xtec.cat\/ies-jaumebalmes\/wp-json\/wp\/v2\/users\/3"}],"replies":[{"embeddable":true,"href":"https:\/\/agora.xtec.cat\/ies-jaumebalmes\/wp-json\/wp\/v2\/comments?post=561"}],"version-history":[{"count":0,"href":"https:\/\/agora.xtec.cat\/ies-jaumebalmes\/wp-json\/wp\/v2\/posts\/561\/revisions"}],"wp:attachment":[{"href":"https:\/\/agora.xtec.cat\/ies-jaumebalmes\/wp-json\/wp\/v2\/media?parent=561"}],"wp:term":[{"taxonomy":"category","embeddable":true,"href":"https:\/\/agora.xtec.cat\/ies-jaumebalmes\/wp-json\/wp\/v2\/categories?post=561"},{"taxonomy":"post_tag","embeddable":true,"href":"https:\/\/agora.xtec.cat\/ies-jaumebalmes\/wp-json\/wp\/v2\/tags?post=561"}],"curies":[{"name":"wp","href":"https:\/\/api.w.org\/{rel}","templated":true}]}}