{"id":560,"date":"2010-10-14T16:26:30","date_gmt":"2010-10-14T15:26:30","guid":{"rendered":"http:\/\/agora.xtec.cat\/ies-jaumebalmes\/general\/campanya-banc-daliments-2010\/"},"modified":"2010-10-14T16:26:30","modified_gmt":"2010-10-14T15:26:30","slug":"campanya-banc-daliments-2010","status":"publish","type":"post","link":"https:\/\/agora.xtec.cat\/ies-jaumebalmes\/general\/campanya-banc-daliments-2010\/","title":{"rendered":"Campanya Banc d\u00e2??aliments 2010"},"content":{"rendered":"<p>Una vegada m\u00e9s el nostre institut participa a la campanya de les escoles del Banc d\u00e2??aliments. L\u00e2??alumnat de 4t d\u00e2??ESO del nostre centre va rebre una xerrada informativa i de sensibilitzaci\u00f3, a c\u00e0rrec d\u00e2??en Jordi Carbonell, voluntari del Banc d\u00e2??aliments i 30 voluntaris de 4t, durant aquests dies passaran per totes les tutories de l\u00e2??institut per poder explicar als seus companys i companyes aquesta realitat i a la vegada poder sensibilitzar-los, per tal de que la setmana del 18 al 22 d\u00e2??octubre, quan fem la recollida d\u00e2??arr\u00f2s, tinguem el m\u00e0xim d\u00e2??aliments possibles per a la gent m\u00e9s necessitada de la nostra ciutat de Barcelona.<\/p>\n<p> Gr\u00e0cies Laia, Caterina, Paula, Marta, Nuria, Laura, Erick, Sergi, Maria, Kristina, Anna, Olga, Camila, Sara, Txell, Maria Lirios, Cristina, A\u00efda, Maria, Pol, Quim, Bernat, Joana, Nerea, Silvana, Jana, Laura i tots aquells que heu dedicat part del vostre temps a aquesta activitat tan lloable.<\/p>\n<h3> I a tota la comunitat educativa us animem a portar durant la setmana del 18 al 22 d\u00e2??octubre arr\u00f2s.<br \/>\n<\/h3>\n<p>Si voleu m\u00e9s informaci\u00f3 de la campanya <a target=\"_blank\" href=\"http:\/\/www.xtec.cat\/ies-jaumebalmes\/imatges\/bancaliments2010.pps\">aqu\u00ed teniu una presentaci\u00f3<\/a>.<\/p>\n","protected":false},"excerpt":{"rendered":"<p>Una vegada m\u00e9s el nostre institut participa a la campanya de les escoles del Banc d\u00e2??aliments. L\u00e2??alumnat de 4t d\u00e2??ESO del nostre centre va rebre una xerrada informativa i de sensibilitzaci\u00f3, a c\u00e0rrec d\u00e2??en Jordi Carbonell, voluntari del Banc d\u00e2??aliments i 30 voluntaris de 4t,&hellip;  <a href=\"https:\/\/agora.xtec.cat\/ies-jaumebalmes\/general\/campanya-banc-daliments-2010\/\" title=\"Read Campanya Banc d\u00e2??aliments 2010\">Llegeix m\u00e9s\u00bb<\/a><\/p>\n","protected":false},"author":3,"featured_media":0,"comment_status":"open","ping_status":"open","sticky":false,"template":"","format":"standard","meta":{"_bbp_topic_count":0,"_bbp_reply_count":0,"_bbp_total_topic_count":0,"_bbp_total_reply_count":0,"_bbp_voice_count":0,"_bbp_anonymous_reply_count":0,"_bbp_topic_count_hidden":0,"_bbp_reply_count_hidden":0,"_bbp_forum_subforum_count":0,"footnotes":""},"categories":[1],"tags":[97,100],"class_list":["post-560","post","type-post","status-publish","format-standard","hentry","category-general","tag-intraweb","tag-noticies"],"post_mailing_queue_ids":[],"_links":{"self":[{"href":"https:\/\/agora.xtec.cat\/ies-jaumebalmes\/wp-json\/wp\/v2\/posts\/560","targetHints":{"allow":["GET"]}}],"collection":[{"href":"https:\/\/agora.xtec.cat\/ies-jaumebalmes\/wp-json\/wp\/v2\/posts"}],"about":[{"href":"https:\/\/agora.xtec.cat\/ies-jaumebalmes\/wp-json\/wp\/v2\/types\/post"}],"author":[{"embeddable":true,"href":"https:\/\/agora.xtec.cat\/ies-jaumebalmes\/wp-json\/wp\/v2\/users\/3"}],"replies":[{"embeddable":true,"href":"https:\/\/agora.xtec.cat\/ies-jaumebalmes\/wp-json\/wp\/v2\/comments?post=560"}],"version-history":[{"count":0,"href":"https:\/\/agora.xtec.cat\/ies-jaumebalmes\/wp-json\/wp\/v2\/posts\/560\/revisions"}],"wp:attachment":[{"href":"https:\/\/agora.xtec.cat\/ies-jaumebalmes\/wp-json\/wp\/v2\/media?parent=560"}],"wp:term":[{"taxonomy":"category","embeddable":true,"href":"https:\/\/agora.xtec.cat\/ies-jaumebalmes\/wp-json\/wp\/v2\/categories?post=560"},{"taxonomy":"post_tag","embeddable":true,"href":"https:\/\/agora.xtec.cat\/ies-jaumebalmes\/wp-json\/wp\/v2\/tags?post=560"}],"curies":[{"name":"wp","href":"https:\/\/api.w.org\/{rel}","templated":true}]}}