{"id":558,"date":"2010-10-06T09:31:24","date_gmt":"2010-10-06T08:31:24","guid":{"rendered":"http:\/\/agora.xtec.cat\/ies-jaumebalmes\/general\/conferencia\/"},"modified":"2010-10-06T09:31:24","modified_gmt":"2010-10-06T08:31:24","slug":"conferencia","status":"publish","type":"post","link":"https:\/\/agora.xtec.cat\/ies-jaumebalmes\/general\/conferencia\/","title":{"rendered":"Confer\u00e8ncia de Josep M\u00aa Terricabras"},"content":{"rendered":"<p> El proper dimecres <strong>13 d\u00e2??octubre a les 13h<\/strong>. es fa una <strong>confer\u00e8ncia<\/strong>,&nbsp; per l\u00e2??alumnat de 2n de Batxillerat,&nbsp; <strong>a c\u00e0rrec de Josep M\u00aa Terricabras<\/strong> en ocasi\u00f3 del bicentenari de Jaume Balmes.\n<\/p>\n<p> <\/p>\n<p><strong>Terricabras parla de Jaume Balmes.<\/strong> <br \/><a target=\"_blank\" href=\"http:\/\/phobos.xtec.cat\/ies-jaumebalmes\/cpg1410\/thumbnails.php?album=85\"><img decoding=\"async\" style=\"width: 250px; height: 185px;\" src=\"http:\/\/phobos.xtec.cat\/ies-jaumebalmes\/cpg1410\/albums\/20101013BTX2\/normal_20101013_P1010489.jpg\" \/><\/a> <a target=\"_blank\" href=\"http:\/\/phobos.xtec.cat\/ies-jaumebalmes\/cpg1410\/thumbnails.php?album=85\"> <img decoding=\"async\" style=\"width: 250px; height: 186px;\" src=\"http:\/\/phobos.xtec.cat\/ies-jaumebalmes\/cpg1410\/albums\/20101013BTX2\/normal_20101013_P1010493.jpg\" \/><\/a> <br \/>En motiu del bicentenari del naixement de Jaume Balmes, fil\u00f2sof que d\u00f3na nom al nostre Institut, el conegut catedr\u00e0tic de la Universitat de Girona Josep M. Terricabras ens va oferir el passat dimecres 13 d\u00e2??Octubre una agradable confer\u00e8ncia. La xerrada, destinada als alumnes de 2n de Batxillerat, es va centrar en la figura de Balmes, en el context hist\u00f2ric en qu\u00e8 va viure, aix\u00ed com en el seu pensament, basat en els principis de certesa, veritat i sentit com\u00fa. Finalment, Terricabras va convidar-nos a reflexionar sobre la import\u00e0ncia de saber raonar per un mateix.<\/p>\n","protected":false},"excerpt":{"rendered":"<p> El proper dimecres 13 d\u00e2??octubre a les 13h. es fa una confer\u00e8ncia,&nbsp; per l\u00e2??alumnat de 2n de Batxillerat,&nbsp; a c\u00e0rrec de Josep M\u00aa Terricabras en ocasi\u00f3 del bicentenari de Jaume Balmes.<\/p>\n<p>Terricabras parla de Jaume Balmes. <a target=\"_blank\" href=\"http:\/\/phobos.xtec.cat\/ies-jaumebalmes\/cpg1410\/thumbnails.php?album=85\"><\/a> <a target=\"_blank\" href=\"http:\/\/phobos.xtec.cat\/ies-jaumebalmes\/cpg1410\/thumbnails.php?album=85\"> <\/a> En&hellip;  <a href=\"https:\/\/agora.xtec.cat\/ies-jaumebalmes\/general\/conferencia\/\" title=\"Read Confer\u00e8ncia de Josep M\u00aa Terricabras\">Llegeix m\u00e9s\u00bb<\/a><\/p>\n","protected":false},"author":3,"featured_media":0,"comment_status":"open","ping_status":"open","sticky":false,"template":"","format":"standard","meta":{"_bbp_topic_count":0,"_bbp_reply_count":0,"_bbp_total_topic_count":0,"_bbp_total_reply_count":0,"_bbp_voice_count":0,"_bbp_anonymous_reply_count":0,"_bbp_topic_count_hidden":0,"_bbp_reply_count_hidden":0,"_bbp_forum_subforum_count":0,"footnotes":""},"categories":[1],"tags":[97,100],"class_list":["post-558","post","type-post","status-publish","format-standard","hentry","category-general","tag-intraweb","tag-noticies"],"post_mailing_queue_ids":[],"_links":{"self":[{"href":"https:\/\/agora.xtec.cat\/ies-jaumebalmes\/wp-json\/wp\/v2\/posts\/558","targetHints":{"allow":["GET"]}}],"collection":[{"href":"https:\/\/agora.xtec.cat\/ies-jaumebalmes\/wp-json\/wp\/v2\/posts"}],"about":[{"href":"https:\/\/agora.xtec.cat\/ies-jaumebalmes\/wp-json\/wp\/v2\/types\/post"}],"author":[{"embeddable":true,"href":"https:\/\/agora.xtec.cat\/ies-jaumebalmes\/wp-json\/wp\/v2\/users\/3"}],"replies":[{"embeddable":true,"href":"https:\/\/agora.xtec.cat\/ies-jaumebalmes\/wp-json\/wp\/v2\/comments?post=558"}],"version-history":[{"count":0,"href":"https:\/\/agora.xtec.cat\/ies-jaumebalmes\/wp-json\/wp\/v2\/posts\/558\/revisions"}],"wp:attachment":[{"href":"https:\/\/agora.xtec.cat\/ies-jaumebalmes\/wp-json\/wp\/v2\/media?parent=558"}],"wp:term":[{"taxonomy":"category","embeddable":true,"href":"https:\/\/agora.xtec.cat\/ies-jaumebalmes\/wp-json\/wp\/v2\/categories?post=558"},{"taxonomy":"post_tag","embeddable":true,"href":"https:\/\/agora.xtec.cat\/ies-jaumebalmes\/wp-json\/wp\/v2\/tags?post=558"}],"curies":[{"name":"wp","href":"https:\/\/api.w.org\/{rel}","templated":true}]}}