{"id":556,"date":"2011-07-22T15:54:51","date_gmt":"2011-07-22T14:54:51","guid":{"rendered":"http:\/\/agora.xtec.cat\/ies-jaumebalmes\/general\/documents-per-a-linici-del-curs\/"},"modified":"2011-07-22T15:54:51","modified_gmt":"2011-07-22T14:54:51","slug":"documents-per-a-linici-del-curs","status":"publish","type":"post","link":"https:\/\/agora.xtec.cat\/ies-jaumebalmes\/general\/documents-per-a-linici-del-curs\/","title":{"rendered":"Documents per a l&#8217;inici del curs 2011-2012"},"content":{"rendered":"<p>Des del centre s\u00e2??han <strong>enviat <\/strong>per correu postal <strong>a tot l&#8217;alumnat de di\u00fcrn les informacions pr\u00e0ctiques d\u00e2??inici de curs<\/strong>, el calendari general, etc.\n<\/p>\n<p>Trobareu els models de la documentaci\u00f3 enviada als <strong>blocs CENTRE o MEN\u00c3?<\/strong> de l&#8217;esquerra. Secci\u00f3 <a href=\"\/ies-jaumebalmes\/intranet\/index.php?module=Downloads&#038;func=sublevel&#038;cid=33&#038;start=0\"><strong>DOCUMENTS| DOCUMENTS P\u00c3?BLICS |DOCUMENTS inici de curs<\/strong><\/a>. En concret:\n<\/p>\n<table border=\"0\">\n<tbody>\n<tr>\n<td><a target=\"_blank\" href=\"\/ies-jaumebalmes\/intranet\/index.php?module=Downloads&#038;func=prep_hand_out&#038;lid=221\"><img decoding=\"async\" style=\"width: 193px;\" src=\"http:\/\/www.xtec.cat\/ies-jaumebalmes\/imatges\/20110912_horari.jpg\" \/><\/a><\/td>\n<td>\n<p><strong>Carta a les fam\u00edlies de l&#8217;alumnat<\/strong>\u00a0<\/p>\n<p> <a href=\"\/ies-jaumebalmes\/intranet\/index.php?module=Downloads&#038;func=prep_hand_out&#038;lid=139\" target=\"_blank\">1r d&#8217;ESO<\/a>\u00a0 Reuni\u00f3 amb les fam\u00edlies 13\/9 19,30h<\/p>\n<p> <a href=\"\/ies-jaumebalmes\/intranet\/index.php?module=Downloads&#038;func=prep_hand_out&#038;lid=138\" target=\"_blank\">2n d&#8217;ESO<\/a>\u00a0 Reuni\u00f3 amb les fam\u00edlies 28\/9 19,30h<\/p>\n<p> <a href=\"\/ies-jaumebalmes\/intranet\/index.php?module=Downloads&#038;func=prep_hand_out&#038;lid=140\" target=\"_blank\">3r d&#8217;ESO<\/a>\u00a0 Reuni\u00f3 amb les fam\u00edlies 5\/10 19,30h<\/p>\n<p> <a href=\"\/ies-jaumebalmes\/intranet\/index.php?module=Downloads&#038;func=prep_hand_out&#038;lid=136\" target=\"_blank\">4t d&#8217;ESO<\/a>\u00a0 Reuni\u00f3 amb les fam\u00edlies 19\/9 19,30h<\/p>\n<p> <a href=\"\/ies-jaumebalmes\/intranet\/index.php?module=Downloads&#038;func=prep_hand_out&#038;lid=135\" target=\"_blank\">1r BATX<\/a>\u00a0 Reuni\u00f3 amb les fam\u00edlies 14\/9 19,30h<\/p>\n<p> <a href=\"\/ies-jaumebalmes\/intranet\/index.php?module=Downloads&#038;%u205Efunc=prep_hand_out&#038;lid=134\" target=\"_blank\">2n BATX<\/a>\u00a0 Reuni\u00f3 amb les fam\u00edlies 21\/9 19,30h<\/p>\n<p><a href=\"index.php?module=Downloads&#038;func=prep_hand_out&#038;lid=133\" target=\"_blank\"><strong>Calendari general del curs<\/strong><\/a><\/p>\n<p><strong>Informaci\u00f3 sobre el programa <a href=\"index.php?module=Downloads&#038;func=prep_hand_out&#038;lid=130\" target=\"_blank\">&#8220;Salut i Escola&#8221;<\/a> per a l&#8217;alumnat de 2n, 3r i 4t d&#8217;ESO<\/strong>\n    <\/p>\n<p>\n      \n    <\/p>\n<\/td>\n<\/tr>\n<\/tbody>\n<\/table>\n","protected":false},"excerpt":{"rendered":"<p>Des del centre s\u00e2??han enviat per correu postal a tot l&#8217;alumnat de di\u00fcrn les informacions pr\u00e0ctiques d\u00e2??inici de curs, el calendari general, etc.<\/p>\n<p>Trobareu els models de la documentaci\u00f3 enviada als blocs CENTRE o MEN\u00c3? de l&#8217;esquerra. Secci\u00f3 <a href=\"\/ies-jaumebalmes\/intranet\/index.php?module=Downloads&#038;func=sublevel&#038;cid=33&#038;start=0\">DOCUMENTS| DOCUMENTS P\u00c3?BLICS |DOCUMENTS inici de curs<\/a>.&hellip;  <a href=\"https:\/\/agora.xtec.cat\/ies-jaumebalmes\/general\/documents-per-a-linici-del-curs\/\" title=\"Read Documents per a l&#8217;inici del curs 2011-2012\">Llegeix m\u00e9s\u00bb<\/a><\/p>\n","protected":false},"author":3,"featured_media":0,"comment_status":"open","ping_status":"open","sticky":false,"template":"","format":"standard","meta":{"_bbp_topic_count":0,"_bbp_reply_count":0,"_bbp_total_topic_count":0,"_bbp_total_reply_count":0,"_bbp_voice_count":0,"_bbp_anonymous_reply_count":0,"_bbp_topic_count_hidden":0,"_bbp_reply_count_hidden":0,"_bbp_forum_subforum_count":0,"footnotes":""},"categories":[1],"tags":[97,100],"class_list":["post-556","post","type-post","status-publish","format-standard","hentry","category-general","tag-intraweb","tag-noticies"],"post_mailing_queue_ids":[],"_links":{"self":[{"href":"https:\/\/agora.xtec.cat\/ies-jaumebalmes\/wp-json\/wp\/v2\/posts\/556","targetHints":{"allow":["GET"]}}],"collection":[{"href":"https:\/\/agora.xtec.cat\/ies-jaumebalmes\/wp-json\/wp\/v2\/posts"}],"about":[{"href":"https:\/\/agora.xtec.cat\/ies-jaumebalmes\/wp-json\/wp\/v2\/types\/post"}],"author":[{"embeddable":true,"href":"https:\/\/agora.xtec.cat\/ies-jaumebalmes\/wp-json\/wp\/v2\/users\/3"}],"replies":[{"embeddable":true,"href":"https:\/\/agora.xtec.cat\/ies-jaumebalmes\/wp-json\/wp\/v2\/comments?post=556"}],"version-history":[{"count":0,"href":"https:\/\/agora.xtec.cat\/ies-jaumebalmes\/wp-json\/wp\/v2\/posts\/556\/revisions"}],"wp:attachment":[{"href":"https:\/\/agora.xtec.cat\/ies-jaumebalmes\/wp-json\/wp\/v2\/media?parent=556"}],"wp:term":[{"taxonomy":"category","embeddable":true,"href":"https:\/\/agora.xtec.cat\/ies-jaumebalmes\/wp-json\/wp\/v2\/categories?post=556"},{"taxonomy":"post_tag","embeddable":true,"href":"https:\/\/agora.xtec.cat\/ies-jaumebalmes\/wp-json\/wp\/v2\/tags?post=556"}],"curies":[{"name":"wp","href":"https:\/\/api.w.org\/{rel}","templated":true}]}}