{"id":555,"date":"2010-07-20T12:39:22","date_gmt":"2010-07-20T11:39:22","guid":{"rendered":"http:\/\/agora.xtec.cat\/ies-jaumebalmes\/general\/en-record-de-landrea-blanco-millan-alumna-de-4t-deso\/"},"modified":"2010-07-20T12:39:22","modified_gmt":"2010-07-20T11:39:22","slug":"en-record-de-landrea-blanco-millan-alumna-de-4t-deso","status":"publish","type":"post","link":"https:\/\/agora.xtec.cat\/ies-jaumebalmes\/general\/en-record-de-landrea-blanco-millan-alumna-de-4t-deso\/","title":{"rendered":"En record de l&#8217;Andrea Blanco Millan, alumna de 4t d&#8217;ESO"},"content":{"rendered":"<p>El 17\/7\/2010 un malaurat accident va estruncar la teva vida.<br \/>\n   <\/p>\n<h1> ANDREA\u00e2??SEMPRE<br \/>\n<\/h1>\n<p>Ens vas dir que era per sempre i aix\u00ed ser\u00e0. Sempre ens has demostrat tot el que vals, perqu\u00e8 et feies estimar com ning\u00fa, perqu\u00e8 ens vas fer m\u00e9s forts a tots estan al teu costat.\n<\/p>\n<p> <\/p>\n<p>Hem passat milers de coses al teu costat, no t\u00e2??imagines com hem arribat a gaudir amb tu, perqu\u00e8 dia a dia ens has ensenyat lo gran que pots arribar a ser.\n<\/p>\n<p> <\/p>\n<p>Tu ets un record, una part de nosaltres que ens fa sentir millor pel fet d\u00e2??haver estat al nostre costat dia a dia. Tothom t\u00e2??estima tal com ets i et seguir\u00e0 estimant perqu\u00e8 sempre estar\u00e0s al nostre costat donant-nos una mica de tu.\n<\/p>\n<p> <\/p>\n<p>Havent-nos deixat, tamb\u00e9 hem deixat enrere una part de nosaltres, tot i aix\u00ed, tot el que hem viscut ja no ens ho pot treure ning\u00fa.\n<\/p>\n<p> <\/p>\n<p>No es f\u00e0cil acceptar-ho, per\u00f2 amb el temps esperem poder tirar endavant, guardant tots els bons records, i gaudint de tot com a tu t\u00e2??hauria agradat que f\u00e9ssim, sent feli\u00e7os com tu eres.\n<\/p>\n<p> <\/p>\n<p>Destacar el teu somriure amb el que ens transmeties l\u00e2??alegria que sempre duies dins. No fa falta que diguem gaire cosa m\u00e9s ,amb un gr\u00e0cies l\u00e2??Andrea ja ens ent\u00e9n. T\u00e2??estimem i t\u00e2??estimarem sempre Andrea, mai t\u00e2??oblidarem.\n<\/p>\n<p> <\/p>\n<div align=\"right\"> [Escrit de les companyes]\n<\/div>\n<\/p>\n<\/p>\n<p align=\"center\"> Em costa imaginar-te absent per sempre.<br \/>\n  <br \/> Tants de records de tu se m&#8217;acumulen<br \/>\n  <br \/> que ni deixen espai a la tristesa<br \/>\n  <br \/> i et visc intensament sense tenir-te.<br \/>\n  <br \/> No vull parlar-te amb veu melangiosa,<br \/>\n  <br \/> la teva mort no em crema les entranyes,<br \/>\n  <br \/> ni m&#8217;angoixa, ni em lleva el goig de viure;<br \/>\n  <br \/> em dol saber que no podrem partir-nos<br \/>\n  <br \/> mai m\u00e9s el pa, ni fer-nos companyia;<br \/>\n  <br \/> per\u00f2 d&#8217;aquest dolor en trec la for\u00e7a<br \/>\n  <br \/> per escriure aquests mots i recordar-te.<br \/>\n  <br \/> M\u00e9s tena\u00e7ment que mai, m&#8217;esfor\u00e7o a cr\u00e9ixer<br \/>\n  <br \/> sabent que tu creixes amb mi: projectes,<br \/>\n  <br \/> il.lusions, desigs, prenen volada<br \/>\n  <br \/> per tu i amb tu, per molt distants que et siguin,<br \/>\n  <br \/> i amb tu i per tu somnio d&#8217;acomplir-los.<br \/>\n  <br \/> Te&#8217;m fas present en les petites coses<br \/>\n  <br \/> i \u00e9s en elles que et penso i que t&#8217;evoco,<br \/>\n  <br \/> segur com mai que l&#8217;\u00fanica esperan\u00e7a<br \/>\n  <br \/> de sobreviure \u00e9s estimar amb prou for\u00e7a<br \/>\n  <br \/> per convertir tot el que fem en vida<br \/>\n  <br \/> i acr\u00e9ixer l&#8217;esperan\u00e7a i la bellesa.<\/p>\n<p> Tu ja no hi ets i floriran les roses,<br \/>\n  <br \/> maduraran els blats i el vent tal volta<br \/>\n  <br \/> desvetllar\u00e0 secretes melodies;<br \/>\n  <br \/> tu ja no hi ets i el temps ara em transcorre<br \/>\n  <br \/> entre el record de tu, que m&#8217;acompanyes,<br \/>\n  <br \/> i aquell esfor\u00e7, que prou que coneixes,<br \/>\n  <br \/> de persistir quan res no ens \u00e9s propici.<br \/>\n  <br \/> Des d&#8217;aquests mots molt tendrament et penso<br \/>\n  <br \/> mentre la tarda suaument declina.<br \/>\n  <br \/> Tots els colors proclamen vida nova<br \/>\n  <br \/> i jo la visc, i en tu se&#8217;m representa<br \/>\n  <br \/> sorprenentment vibrant i harmoniosa.<br \/>\n  <br \/> No tornar\u00e0s mai m\u00e9s, per\u00f2 perdures<br \/>\n  <br \/> en les coses i en mi de tal manera<br \/>\n  <br \/> que em costa imaginar-se absent per sempre.<\/p>\n<p> Miquel Mart\u00ed i Pol<\/p>\n","protected":false},"excerpt":{"rendered":"<p>El 17\/7\/2010 un malaurat accident va estruncar la teva vida.<\/p>\n<p> ANDREA\u00e2??SEMPRE<\/p>\n<p>Ens vas dir que era per sempre i aix\u00ed ser\u00e0. Sempre ens has demostrat tot el que vals, perqu\u00e8 et feies estimar com ning\u00fa, perqu\u00e8 ens vas fer m\u00e9s forts a tots&hellip;  <a href=\"https:\/\/agora.xtec.cat\/ies-jaumebalmes\/general\/en-record-de-landrea-blanco-millan-alumna-de-4t-deso\/\" title=\"Read En record de l&#8217;Andrea Blanco Millan, alumna de 4t d&#8217;ESO\">Llegeix m\u00e9s\u00bb<\/a><\/p>\n","protected":false},"author":3,"featured_media":0,"comment_status":"open","ping_status":"open","sticky":false,"template":"","format":"standard","meta":{"_bbp_topic_count":0,"_bbp_reply_count":0,"_bbp_total_topic_count":0,"_bbp_total_reply_count":0,"_bbp_voice_count":0,"_bbp_anonymous_reply_count":0,"_bbp_topic_count_hidden":0,"_bbp_reply_count_hidden":0,"_bbp_forum_subforum_count":0,"footnotes":""},"categories":[1],"tags":[97,100],"class_list":["post-555","post","type-post","status-publish","format-standard","hentry","category-general","tag-intraweb","tag-noticies"],"post_mailing_queue_ids":[],"_links":{"self":[{"href":"https:\/\/agora.xtec.cat\/ies-jaumebalmes\/wp-json\/wp\/v2\/posts\/555","targetHints":{"allow":["GET"]}}],"collection":[{"href":"https:\/\/agora.xtec.cat\/ies-jaumebalmes\/wp-json\/wp\/v2\/posts"}],"about":[{"href":"https:\/\/agora.xtec.cat\/ies-jaumebalmes\/wp-json\/wp\/v2\/types\/post"}],"author":[{"embeddable":true,"href":"https:\/\/agora.xtec.cat\/ies-jaumebalmes\/wp-json\/wp\/v2\/users\/3"}],"replies":[{"embeddable":true,"href":"https:\/\/agora.xtec.cat\/ies-jaumebalmes\/wp-json\/wp\/v2\/comments?post=555"}],"version-history":[{"count":0,"href":"https:\/\/agora.xtec.cat\/ies-jaumebalmes\/wp-json\/wp\/v2\/posts\/555\/revisions"}],"wp:attachment":[{"href":"https:\/\/agora.xtec.cat\/ies-jaumebalmes\/wp-json\/wp\/v2\/media?parent=555"}],"wp:term":[{"taxonomy":"category","embeddable":true,"href":"https:\/\/agora.xtec.cat\/ies-jaumebalmes\/wp-json\/wp\/v2\/categories?post=555"},{"taxonomy":"post_tag","embeddable":true,"href":"https:\/\/agora.xtec.cat\/ies-jaumebalmes\/wp-json\/wp\/v2\/tags?post=555"}],"curies":[{"name":"wp","href":"https:\/\/api.w.org\/{rel}","templated":true}]}}