{"id":554,"date":"2010-07-02T16:20:42","date_gmt":"2010-07-02T15:20:42","guid":{"rendered":"http:\/\/agora.xtec.cat\/ies-jaumebalmes\/general\/horari-de-les-materies-optatives-deso-per-al-curs-2010-2011\/"},"modified":"2010-07-02T16:20:42","modified_gmt":"2010-07-02T15:20:42","slug":"horari-de-les-materies-optatives-deso-per-al-curs-2010-2011","status":"publish","type":"post","link":"https:\/\/agora.xtec.cat\/ies-jaumebalmes\/general\/horari-de-les-materies-optatives-deso-per-al-curs-2010-2011\/","title":{"rendered":"Horari de les mat\u00e8ries optatives d&#8217;ESO per al curs 2010-2011"},"content":{"rendered":"<p>Fem p\u00fablica <a href=\"\/ies-jaumebalmes\/intranet\/index.php?module=Downloads&#038;func=prep_hand_out&#038;lid=219\" target=\"_blank\">aquesta informaci\u00f3<\/a> que \u00e9s molt important per a l&#8217;alumnat que fa estudis de m\u00fasica o dansa amb els de l&#8217;ESO de forma simult\u00e0nia.<br \/>\n  \n<\/p>\n<p>Trobareu aquesta informaci\u00f3 als <strong>blocs CENTRE o MEN\u00c3?<\/strong> de l&#8217;esquerra. Secci\u00f3 <strong><a target=\"_blank\" href=\"\/ies-jaumebalmes\/intranet\/index.php?module=Downloads&#038;func=sublevel&#038;cid=33&#038;start=0\">DOCUMENTS | DOCUMENTS P\u00c3?BLICS |DOCUMENTS d&#8217;inici de curs<\/a>. <\/strong><\/p>\n","protected":false},"excerpt":{"rendered":"<p>Fem p\u00fablica <a href=\"\/ies-jaumebalmes\/intranet\/index.php?module=Downloads&#038;func=prep_hand_out&#038;lid=219\" target=\"_blank\">aquesta informaci\u00f3<\/a> que \u00e9s molt important per a l&#8217;alumnat que fa estudis de m\u00fasica o dansa amb els de l&#8217;ESO de forma simult\u00e0nia.<\/p>\n<p>Trobareu aquesta informaci\u00f3 als blocs CENTRE o MEN\u00c3? de l&#8217;esquerra. Secci\u00f3 <a target=\"_blank\" href=\"\/ies-jaumebalmes\/intranet\/index.php?module=Downloads&#038;func=sublevel&#038;cid=33&#038;start=0\">DOCUMENTS | DOCUMENTS P\u00c3?BLICS&hellip;  <a href=\"https:\/\/agora.xtec.cat\/ies-jaumebalmes\/general\/horari-de-les-materies-optatives-deso-per-al-curs-2010-2011\/\" title=\"Read Horari de les mat\u00e8ries optatives d&#8217;ESO per al curs 2010-2011\">Llegeix m\u00e9s\u00bb<\/a><\/p>\n","protected":false},"author":3,"featured_media":0,"comment_status":"open","ping_status":"open","sticky":false,"template":"","format":"standard","meta":{"_bbp_topic_count":0,"_bbp_reply_count":0,"_bbp_total_topic_count":0,"_bbp_total_reply_count":0,"_bbp_voice_count":0,"_bbp_anonymous_reply_count":0,"_bbp_topic_count_hidden":0,"_bbp_reply_count_hidden":0,"_bbp_forum_subforum_count":0,"footnotes":""},"categories":[1],"tags":[97,100],"class_list":["post-554","post","type-post","status-publish","format-standard","hentry","category-general","tag-intraweb","tag-noticies"],"post_mailing_queue_ids":[],"_links":{"self":[{"href":"https:\/\/agora.xtec.cat\/ies-jaumebalmes\/wp-json\/wp\/v2\/posts\/554","targetHints":{"allow":["GET"]}}],"collection":[{"href":"https:\/\/agora.xtec.cat\/ies-jaumebalmes\/wp-json\/wp\/v2\/posts"}],"about":[{"href":"https:\/\/agora.xtec.cat\/ies-jaumebalmes\/wp-json\/wp\/v2\/types\/post"}],"author":[{"embeddable":true,"href":"https:\/\/agora.xtec.cat\/ies-jaumebalmes\/wp-json\/wp\/v2\/users\/3"}],"replies":[{"embeddable":true,"href":"https:\/\/agora.xtec.cat\/ies-jaumebalmes\/wp-json\/wp\/v2\/comments?post=554"}],"version-history":[{"count":0,"href":"https:\/\/agora.xtec.cat\/ies-jaumebalmes\/wp-json\/wp\/v2\/posts\/554\/revisions"}],"wp:attachment":[{"href":"https:\/\/agora.xtec.cat\/ies-jaumebalmes\/wp-json\/wp\/v2\/media?parent=554"}],"wp:term":[{"taxonomy":"category","embeddable":true,"href":"https:\/\/agora.xtec.cat\/ies-jaumebalmes\/wp-json\/wp\/v2\/categories?post=554"},{"taxonomy":"post_tag","embeddable":true,"href":"https:\/\/agora.xtec.cat\/ies-jaumebalmes\/wp-json\/wp\/v2\/tags?post=554"}],"curies":[{"name":"wp","href":"https:\/\/api.w.org\/{rel}","templated":true}]}}