{"id":553,"date":"2010-06-28T21:19:52","date_gmt":"2010-06-28T20:19:52","guid":{"rendered":"http:\/\/agora.xtec.cat\/ies-jaumebalmes\/general\/mercat-de-segona-ma-de-llibres-de-text-i-lectures\/"},"modified":"2010-06-28T21:19:52","modified_gmt":"2010-06-28T20:19:52","slug":"mercat-de-segona-ma-de-llibres-de-text-i-lectures","status":"publish","type":"post","link":"https:\/\/agora.xtec.cat\/ies-jaumebalmes\/general\/mercat-de-segona-ma-de-llibres-de-text-i-lectures\/","title":{"rendered":"Mercat de segona m\u00e0 de llibres de text i lectures"},"content":{"rendered":"<p>L\u00e2??AMPA, amb la col\u00b7laboraci\u00f3 de l\u00e2??equip directiu de l\u00e2??Institut Jaume Balmes, continua apostant per la\u00a0 REUTILITZACI\u00c3? DELS LLIBRES DE TEXT per participar d\u00e2??una forma activa d\u00e2??un projecte sostenible de centre, fomentar el bon \u00fas del material did\u00e0ctic, afavorir l\u00e2??intercanvi com a recurs per potenciar el no-consumisme i estalviar-nos diners que es poden invertir en altres despeses educatives. En aquest mateix sentit en els dossier de matricula trobareu les dades d\u00e2??una empresa que tamb\u00e9 fa una proposta en la mateixa direcci\u00f3.<\/p>\n<p>Aquest curs i per tal de no interferir amb la proposta de l\u00e2??empresa <a target=\"_blank\" href=\"http:\/\/www.iddink.cat\/\">IDDINK<\/a>\u00a0 no ten\u00edem pensat fer aquesta trobada, per\u00f2 davant de l\u00e2??insist\u00e8ncia de molts de vosaltres\u00a0 us proposem:<\/p>\n<p>Fer una <a target=\"_blank\" href=\"\/ies-jaumebalmes\/intranet\/index.php?module=Downloads&#038;func=prep_hand_out&#038;lid=218\">trobada de venedors i compradors al pati de l\u00e2??institut<\/a>, <strong>el proper dijous 1 de juliol de 19 a 20 hores<\/strong>.<br \/>\n<\/p>\n<ol>\n<li>El venedors han d\u00e2??arribar 15 minuts abans, \u00e9s a dir a les 18.45h.<\/li>\n<li>Els llibres de text es poden vendre a 5\u00e2?\u00ac i els de lectura a 2\u00e2?\u00ac.<\/li>\n<li>Els llibres que s\u00e2??oferiran hauran d\u00e2??estar en bones condicions i compradors i venedors seran els responsables de la transacci\u00f3.<\/li>\n<li>L\u00e2??organitzaci\u00f3 posar\u00e0 a disposici\u00f3 dels participants les llistes dels llibres de text que han estat aprovats pel curs 2010-11.<br \/>\n  <\/li>\n<\/ol>\n<p>US PREGUEM EN FEU LA M\u00c3?XIMA DIVULGACI\u00c3? POSSIBLE\u00a0 PER GARANTIR-NE L\u00e2??\u00c3?XIT<\/p>\n<p>Aquesta activitat no \u00e9s incompatible amb la oferta de l&#8217;empresa <a href=\"http:\/\/www.iddink.cat\/\">IDDINK<\/a>, m\u00e9s aviat s\u00f3n complement\u00e0ries.<br \/><\/p>\n","protected":false},"excerpt":{"rendered":"<p>L\u00e2??AMPA, amb la col\u00b7laboraci\u00f3 de l\u00e2??equip directiu de l\u00e2??Institut Jaume Balmes, continua apostant per la\u00a0 REUTILITZACI\u00c3? DELS LLIBRES DE TEXT per participar d\u00e2??una forma activa d\u00e2??un projecte sostenible de centre, fomentar el bon \u00fas del material did\u00e0ctic, afavorir l\u00e2??intercanvi com a recurs per potenciar el&hellip;  <a href=\"https:\/\/agora.xtec.cat\/ies-jaumebalmes\/general\/mercat-de-segona-ma-de-llibres-de-text-i-lectures\/\" title=\"Read Mercat de segona m\u00e0 de llibres de text i lectures\">Llegeix m\u00e9s\u00bb<\/a><\/p>\n","protected":false},"author":3,"featured_media":0,"comment_status":"open","ping_status":"open","sticky":false,"template":"","format":"standard","meta":{"_bbp_topic_count":0,"_bbp_reply_count":0,"_bbp_total_topic_count":0,"_bbp_total_reply_count":0,"_bbp_voice_count":0,"_bbp_anonymous_reply_count":0,"_bbp_topic_count_hidden":0,"_bbp_reply_count_hidden":0,"_bbp_forum_subforum_count":0,"footnotes":""},"categories":[1],"tags":[97,100],"class_list":["post-553","post","type-post","status-publish","format-standard","hentry","category-general","tag-intraweb","tag-noticies"],"post_mailing_queue_ids":[],"_links":{"self":[{"href":"https:\/\/agora.xtec.cat\/ies-jaumebalmes\/wp-json\/wp\/v2\/posts\/553","targetHints":{"allow":["GET"]}}],"collection":[{"href":"https:\/\/agora.xtec.cat\/ies-jaumebalmes\/wp-json\/wp\/v2\/posts"}],"about":[{"href":"https:\/\/agora.xtec.cat\/ies-jaumebalmes\/wp-json\/wp\/v2\/types\/post"}],"author":[{"embeddable":true,"href":"https:\/\/agora.xtec.cat\/ies-jaumebalmes\/wp-json\/wp\/v2\/users\/3"}],"replies":[{"embeddable":true,"href":"https:\/\/agora.xtec.cat\/ies-jaumebalmes\/wp-json\/wp\/v2\/comments?post=553"}],"version-history":[{"count":0,"href":"https:\/\/agora.xtec.cat\/ies-jaumebalmes\/wp-json\/wp\/v2\/posts\/553\/revisions"}],"wp:attachment":[{"href":"https:\/\/agora.xtec.cat\/ies-jaumebalmes\/wp-json\/wp\/v2\/media?parent=553"}],"wp:term":[{"taxonomy":"category","embeddable":true,"href":"https:\/\/agora.xtec.cat\/ies-jaumebalmes\/wp-json\/wp\/v2\/categories?post=553"},{"taxonomy":"post_tag","embeddable":true,"href":"https:\/\/agora.xtec.cat\/ies-jaumebalmes\/wp-json\/wp\/v2\/tags?post=553"}],"curies":[{"name":"wp","href":"https:\/\/api.w.org\/{rel}","templated":true}]}}