{"id":552,"date":"2010-06-22T00:14:31","date_gmt":"2010-06-21T23:14:31","guid":{"rendered":"http:\/\/agora.xtec.cat\/ies-jaumebalmes\/general\/la-importancia-de-les-llenguees-estrangeres-a-lins-jaume-balmes\/"},"modified":"2010-06-22T00:14:31","modified_gmt":"2010-06-21T23:14:31","slug":"la-importancia-de-les-llenguees-estrangeres-a-lins-jaume-balmes","status":"publish","type":"post","link":"https:\/\/agora.xtec.cat\/ies-jaumebalmes\/general\/la-importancia-de-les-llenguees-estrangeres-a-lins-jaume-balmes\/","title":{"rendered":"La import\u00e0ncia de les lleng\u00fces estrangeres a l&#8217;INS Jaume Balmes"},"content":{"rendered":"<p><strong>Un tret caracter\u00edstic de l\u00e2??Institut Jaume Balmes \u00e9s la possibilitat de cursar<\/strong>, tan com a primera o segona llengua estrangera, <strong>Alemany, Angl\u00e8s, Franc\u00e8s o Itali\u00e0<\/strong>. El Departament de lleng\u00fces estrangeres de l\u00e2??institut vol fer p\u00fabliques unes reflexions:<br \/>\n  \n<\/p>\n<ol>\n<li><a target=\"_blank\" href=\"\/ies-jaumebalmes\/intranet\/index.php?module=Downloads&#038;func=prep_hand_out&#038;lid=215\">Les lleng\u00fces estrangeres a l\u00e2??ESO<\/a><br \/>\n  <\/li>\n<li><a target=\"_blank\" href=\"\/ies-jaumebalmes\/intranet\/index.php?module=Downloads&#038;func=prep_hand_out&#038;lid=216\">Les lleng\u00fces estrangeres al Batxillerat <\/a><br \/>\n  <\/li>\n<li><a target=\"_blank\" href=\"\/ies-jaumebalmes\/intranet\/index.php?module=Downloads&#038;func=prep_hand_out&#038;lid=217\">50 raons per parlar Franc\u00e8s a Catalunya<\/a>\u00a0<\/li>\n<\/ol>\n<p>A m\u00e9s es t\u00e9 la possibilitat de participar amb intercanvis. Aquest curs s\u00e2??han fet intercanvis a Alemanya, It\u00e0lia i Fran\u00e7a.Aqu\u00ed teniu una selecci\u00f3 de fotos de l\u00e2??intercanvi de Franc\u00e8s d\u00e2??aquest curs:<br \/>\n<br \/><a target=\"_blank\" href=\"\/ies-jaumebalmes\/cpg1410\/thumbnails.php?album=83\"><img decoding=\"async\" style=\"width: 250px; height: 185px;\" src=\"\/ies-jaumebalmes\/cpg1410\/albums\/2010IntercanviFR\/normal_2010FR_IMG_3192.jpg\" \/><\/a> <a target=\"_blank\" href=\"\/ies-jaumebalmes\/cpg1410\/thumbnails.php?album=83\"> <img decoding=\"async\" style=\"width: 250px; height: 186px;\" src=\"\/ies-jaumebalmes\/cpg1410\/albums\/2010IntercanviFR\/normal_2010FR_IMG_3370.jpg\" \/><\/a><\/p>\n<ol>\n<\/ol>\n","protected":false},"excerpt":{"rendered":"<p>Un tret caracter\u00edstic de l\u00e2??Institut Jaume Balmes \u00e9s la possibilitat de cursar, tan com a primera o segona llengua estrangera, Alemany, Angl\u00e8s, Franc\u00e8s o Itali\u00e0. El Departament de lleng\u00fces estrangeres de l\u00e2??institut vol fer p\u00fabliques unes reflexions:<\/p>\n<ol>\n<li><a target=\"_blank\" href=\"\/ies-jaumebalmes\/intranet\/index.php?module=Downloads&#038;func=prep_hand_out&#038;lid=215\">Les lleng\u00fces estrangeres a l\u00e2??ESO<\/a><br \/>\n&hellip;  <a href=\"https:\/\/agora.xtec.cat\/ies-jaumebalmes\/general\/la-importancia-de-les-llenguees-estrangeres-a-lins-jaume-balmes\/\" title=\"Read La import\u00e0ncia de les lleng\u00fces estrangeres a l&#8217;INS Jaume Balmes\">Llegeix m\u00e9s\u00bb<\/a><\/p>\n","protected":false},"author":3,"featured_media":0,"comment_status":"open","ping_status":"open","sticky":false,"template":"","format":"standard","meta":{"_bbp_topic_count":0,"_bbp_reply_count":0,"_bbp_total_topic_count":0,"_bbp_total_reply_count":0,"_bbp_voice_count":0,"_bbp_anonymous_reply_count":0,"_bbp_topic_count_hidden":0,"_bbp_reply_count_hidden":0,"_bbp_forum_subforum_count":0,"footnotes":""},"categories":[1],"tags":[97,100],"class_list":["post-552","post","type-post","status-publish","format-standard","hentry","category-general","tag-intraweb","tag-noticies"],"post_mailing_queue_ids":[],"_links":{"self":[{"href":"https:\/\/agora.xtec.cat\/ies-jaumebalmes\/wp-json\/wp\/v2\/posts\/552","targetHints":{"allow":["GET"]}}],"collection":[{"href":"https:\/\/agora.xtec.cat\/ies-jaumebalmes\/wp-json\/wp\/v2\/posts"}],"about":[{"href":"https:\/\/agora.xtec.cat\/ies-jaumebalmes\/wp-json\/wp\/v2\/types\/post"}],"author":[{"embeddable":true,"href":"https:\/\/agora.xtec.cat\/ies-jaumebalmes\/wp-json\/wp\/v2\/users\/3"}],"replies":[{"embeddable":true,"href":"https:\/\/agora.xtec.cat\/ies-jaumebalmes\/wp-json\/wp\/v2\/comments?post=552"}],"version-history":[{"count":0,"href":"https:\/\/agora.xtec.cat\/ies-jaumebalmes\/wp-json\/wp\/v2\/posts\/552\/revisions"}],"wp:attachment":[{"href":"https:\/\/agora.xtec.cat\/ies-jaumebalmes\/wp-json\/wp\/v2\/media?parent=552"}],"wp:term":[{"taxonomy":"category","embeddable":true,"href":"https:\/\/agora.xtec.cat\/ies-jaumebalmes\/wp-json\/wp\/v2\/categories?post=552"},{"taxonomy":"post_tag","embeddable":true,"href":"https:\/\/agora.xtec.cat\/ies-jaumebalmes\/wp-json\/wp\/v2\/tags?post=552"}],"curies":[{"name":"wp","href":"https:\/\/api.w.org\/{rel}","templated":true}]}}