{"id":548,"date":"2010-07-05T22:00:00","date_gmt":"2010-07-05T21:00:00","guid":{"rendered":"http:\/\/agora.xtec.cat\/ies-jaumebalmes\/general\/llistat-de-llibres-de-text-deso-i-btx-per-al-curs-2010-2011\/"},"modified":"2010-07-05T22:00:00","modified_gmt":"2010-07-05T21:00:00","slug":"llistat-de-llibres-de-text-deso-i-btx-per-al-curs-2010-2011","status":"publish","type":"post","link":"https:\/\/agora.xtec.cat\/ies-jaumebalmes\/general\/llistat-de-llibres-de-text-deso-i-btx-per-al-curs-2010-2011\/","title":{"rendered":"Llistat de llibres de text d&#8217;ESO i BTX per al curs 2010-2011"},"content":{"rendered":"<p>Trobareu el llistat\u00a0 als <strong>blocs CENTRE o MEN\u00c3?<\/strong> de l&#8217;esquerra. Secci\u00f3 <strong><a href=\"index.php?module=Downloads&#038;func=sublevel&#038;cid=9&#038;start=0\">DOCUMENTS| DOCUMENTS P\u00c3?BLICS<\/a>.<\/strong>\n<\/p>\n<ul>\n<li><strong>20\/7: s\u00e2??afegeixen les lectures\u00a0 de catal\u00e0.<\/strong><\/li>\n<li><strong>8\/7: s&#8217;afegeixen les lectures de castell\u00e0 i angl\u00e8s.<\/strong><\/li>\n<li><strong>5\/7: <\/strong>Es corregeix errada a l\u00e2??<strong>ISBN<\/strong> del llibre de <strong>Llengua i Literatura catalana de 2n d\u00e2??ESO<\/strong><br \/>\n  <\/li>\n<li><strong>1\/7:<\/strong> <strong>S\u00e2??afegeix un llibre per<\/strong> a l\u00e2??alumnat que faci l\u00e2??optativa de <strong>Psicologia <\/strong>al batxillerat.\u00a0<br \/>\n  <\/li>\n<li><strong>16\/6:<\/strong> Disponible la versi\u00f3 1 que inclou el llistat de llibres d\u00e2??ESO i BTX i les lectures obligat\u00f2ries de Franc\u00e8s.<br \/>\n   <\/li>\n<\/ul>\n","protected":false},"excerpt":{"rendered":"<p>Trobareu el llistat\u00a0 als blocs CENTRE o MEN\u00c3? de l&#8217;esquerra. Secci\u00f3 <a href=\"index.php?module=Downloads&#038;func=sublevel&#038;cid=9&#038;start=0\">DOCUMENTS| DOCUMENTS P\u00c3?BLICS<\/a>.<\/p>\n<ul>\n<li>20\/7: s\u00e2??afegeixen les lectures\u00a0 de catal\u00e0.<\/li>\n<li>8\/7: s&#8217;afegeixen les lectures de castell\u00e0 i angl\u00e8s.<\/li>\n<li>5\/7: Es corregeix errada a l\u00e2??ISBN del llibre de Llengua i Literatura catalana de 2n d\u00e2??ESO\n  <\/li>\n<li>1\/7: S\u00e2??afegeix&hellip;  <a href=\"https:\/\/agora.xtec.cat\/ies-jaumebalmes\/general\/llistat-de-llibres-de-text-deso-i-btx-per-al-curs-2010-2011\/\" title=\"Read Llistat de llibres de text d&#8217;ESO i BTX per al curs 2010-2011\">Llegeix m\u00e9s\u00bb<\/a><br \/>\n","protected":false},"author":3,"featured_media":0,"comment_status":"open","ping_status":"open","sticky":false,"template":"","format":"standard","meta":{"_bbp_topic_count":0,"_bbp_reply_count":0,"_bbp_total_topic_count":0,"_bbp_total_reply_count":0,"_bbp_voice_count":0,"_bbp_anonymous_reply_count":0,"_bbp_topic_count_hidden":0,"_bbp_reply_count_hidden":0,"_bbp_forum_subforum_count":0,"footnotes":""},"categories":[1],"tags":[97,100],"class_list":["post-548","post","type-post","status-publish","format-standard","hentry","category-general","tag-intraweb","tag-noticies"],"post_mailing_queue_ids":[],"_links":{"self":[{"href":"https:\/\/agora.xtec.cat\/ies-jaumebalmes\/wp-json\/wp\/v2\/posts\/548","targetHints":{"allow":["GET"]}}],"collection":[{"href":"https:\/\/agora.xtec.cat\/ies-jaumebalmes\/wp-json\/wp\/v2\/posts"}],"about":[{"href":"https:\/\/agora.xtec.cat\/ies-jaumebalmes\/wp-json\/wp\/v2\/types\/post"}],"author":[{"embeddable":true,"href":"https:\/\/agora.xtec.cat\/ies-jaumebalmes\/wp-json\/wp\/v2\/users\/3"}],"replies":[{"embeddable":true,"href":"https:\/\/agora.xtec.cat\/ies-jaumebalmes\/wp-json\/wp\/v2\/comments?post=548"}],"version-history":[{"count":0,"href":"https:\/\/agora.xtec.cat\/ies-jaumebalmes\/wp-json\/wp\/v2\/posts\/548\/revisions"}],"wp:attachment":[{"href":"https:\/\/agora.xtec.cat\/ies-jaumebalmes\/wp-json\/wp\/v2\/media?parent=548"}],"wp:term":[{"taxonomy":"category","embeddable":true,"href":"https:\/\/agora.xtec.cat\/ies-jaumebalmes\/wp-json\/wp\/v2\/categories?post=548"},{"taxonomy":"post_tag","embeddable":true,"href":"https:\/\/agora.xtec.cat\/ies-jaumebalmes\/wp-json\/wp\/v2\/tags?post=548"}],"curies":[{"name":"wp","href":"https:\/\/api.w.org\/{rel}","templated":true}]}}