{"id":540,"date":"2010-04-19T11:55:57","date_gmt":"2010-04-19T10:55:57","guid":{"rendered":"http:\/\/agora.xtec.cat\/ies-jaumebalmes\/general\/horari-de-les-activitats-de-sant-jordi-2010\/"},"modified":"2010-04-19T11:55:57","modified_gmt":"2010-04-19T10:55:57","slug":"horari-de-les-activitats-de-sant-jordi-2010","status":"publish","type":"post","link":"https:\/\/agora.xtec.cat\/ies-jaumebalmes\/general\/horari-de-les-activitats-de-sant-jordi-2010\/","title":{"rendered":"Horari de les activitats de Sant Jordi 2010"},"content":{"rendered":"<p>A <a href=\"\/ies-jaumebalmes\/intranet\/index.php?module=Downloads&#038;func=sublevel&#038;cid=9&#038;start=0\">Documents | Documents P\u00fablics<\/a> teniu l\u00e2??horari de les activitats per aquest Sant Jordi i del mercat d\u00e2??intercanvi de llibres organitzat conjuntament amb l\u00e2??AEB (Associaci\u00f3 d\u00e2??estudiants del Balmes)\n<\/p>\n<p>\u00a0<a target=\"_blank\" href=\"\/ies-jaumebalmes\/intranet\/index.php?module=Downloads&#038;func=prep_hand_out&#038;lid=192\"><img decoding=\"async\" src=\"http:\/\/www.xtec.cat\/ies-jaumebalmes\/imatges\/SHorari%20Sant%20Jordi%2010%20-%20Institut%20Jaume%20Balmes.jpg\" \/><\/a>\u00a0 <a target=\"_blank\" href=\"\/ies-jaumebalmes\/intranet\/index.php?module=Downloads&#038;func=prep_hand_out&#038;lid=193\"><img decoding=\"async\" src=\"http:\/\/www.xtec.cat\/ies-jaumebalmes\/imatges\/SCartel%20Sant%20Jordi%202010%20-%20Institut%20Jaume%20Balmes.jpg\" \/> \u00a0<\/a>\u00a0\n<\/p>\n<p><strong>Atenci\u00f3 fam\u00edlies! Una vegada m\u00e9s us convidem a la ballada de bastons que farem a les 11.30h. Enguany comptem amb 350 bastoners i bastoneres!<\/strong>\n<\/p>\n<p><img decoding=\"async\" alt=\"Ball de bastons 2009\" src=\"\/ies-jaumebalmes\/cpg1410\/albums\/200904stjordi\/normal_200904_CIMG3262.jpg\" \/><\/p>\n","protected":false},"excerpt":{"rendered":"<p>A <a href=\"\/ies-jaumebalmes\/intranet\/index.php?module=Downloads&#038;func=sublevel&#038;cid=9&#038;start=0\">Documents | Documents P\u00fablics<\/a> teniu l\u00e2??horari de les activitats per aquest Sant Jordi i del mercat d\u00e2??intercanvi de llibres organitzat conjuntament amb l\u00e2??AEB (Associaci\u00f3 d\u00e2??estudiants del Balmes)<\/p>\n<p>\u00a0<a target=\"_blank\" href=\"\/ies-jaumebalmes\/intranet\/index.php?module=Downloads&#038;func=prep_hand_out&#038;lid=192\"><\/a>\u00a0 <a target=\"_blank\" href=\"\/ies-jaumebalmes\/intranet\/index.php?module=Downloads&#038;func=prep_hand_out&#038;lid=193\"> \u00a0<\/a>\u00a0<\/p>\n<p>Atenci\u00f3 fam\u00edlies! Una vegada m\u00e9s us convidem a la ballada de&hellip;  <a href=\"https:\/\/agora.xtec.cat\/ies-jaumebalmes\/general\/horari-de-les-activitats-de-sant-jordi-2010\/\" title=\"Read Horari de les activitats de Sant Jordi 2010\">Llegeix m\u00e9s\u00bb<\/a><\/p>\n","protected":false},"author":3,"featured_media":0,"comment_status":"open","ping_status":"open","sticky":false,"template":"","format":"standard","meta":{"_bbp_topic_count":0,"_bbp_reply_count":0,"_bbp_total_topic_count":0,"_bbp_total_reply_count":0,"_bbp_voice_count":0,"_bbp_anonymous_reply_count":0,"_bbp_topic_count_hidden":0,"_bbp_reply_count_hidden":0,"_bbp_forum_subforum_count":0,"footnotes":""},"categories":[1],"tags":[97,100],"class_list":["post-540","post","type-post","status-publish","format-standard","hentry","category-general","tag-intraweb","tag-noticies"],"post_mailing_queue_ids":[],"_links":{"self":[{"href":"https:\/\/agora.xtec.cat\/ies-jaumebalmes\/wp-json\/wp\/v2\/posts\/540","targetHints":{"allow":["GET"]}}],"collection":[{"href":"https:\/\/agora.xtec.cat\/ies-jaumebalmes\/wp-json\/wp\/v2\/posts"}],"about":[{"href":"https:\/\/agora.xtec.cat\/ies-jaumebalmes\/wp-json\/wp\/v2\/types\/post"}],"author":[{"embeddable":true,"href":"https:\/\/agora.xtec.cat\/ies-jaumebalmes\/wp-json\/wp\/v2\/users\/3"}],"replies":[{"embeddable":true,"href":"https:\/\/agora.xtec.cat\/ies-jaumebalmes\/wp-json\/wp\/v2\/comments?post=540"}],"version-history":[{"count":0,"href":"https:\/\/agora.xtec.cat\/ies-jaumebalmes\/wp-json\/wp\/v2\/posts\/540\/revisions"}],"wp:attachment":[{"href":"https:\/\/agora.xtec.cat\/ies-jaumebalmes\/wp-json\/wp\/v2\/media?parent=540"}],"wp:term":[{"taxonomy":"category","embeddable":true,"href":"https:\/\/agora.xtec.cat\/ies-jaumebalmes\/wp-json\/wp\/v2\/categories?post=540"},{"taxonomy":"post_tag","embeddable":true,"href":"https:\/\/agora.xtec.cat\/ies-jaumebalmes\/wp-json\/wp\/v2\/tags?post=540"}],"curies":[{"name":"wp","href":"https:\/\/api.w.org\/{rel}","templated":true}]}}