{"id":536,"date":"2010-04-13T23:34:51","date_gmt":"2010-04-13T22:34:51","guid":{"rendered":"http:\/\/agora.xtec.cat\/ies-jaumebalmes\/general\/basquet-en-cadira-de-rodes\/"},"modified":"2010-04-13T23:34:51","modified_gmt":"2010-04-13T22:34:51","slug":"basquet-en-cadira-de-rodes","status":"publish","type":"post","link":"https:\/\/agora.xtec.cat\/ies-jaumebalmes\/general\/basquet-en-cadira-de-rodes\/","title":{"rendered":"B\u00e0squet en cadira de rodes"},"content":{"rendered":"<p>Aqu\u00ed teniu una selecci\u00f3 de fotos de l\u00e2??alumnat de 3r d\u00e2??ESO fent b\u00e0squet en cadira de rodes.\n<\/p>\n<p> <a target=\"_blank\" href=\"\/ies-jaumebalmes\/cpg1410\/thumbnails.php?album=67\"><img decoding=\"async\" style=\"width: 250px; height: 185px;\" src=\"\/ies-jaumebalmes\/cpg1410\/albums\/201003Basquet\/normal_201003__P1010395.jpg\" \/><\/a> <a target=\"_blank\" href=\"\/ies-jaumebalmes\/cpg1410\/thumbnails.php?album=67\"> <img decoding=\"async\" style=\"width: 250px; height: 186px;\" src=\"\/ies-jaumebalmes\/cpg1410\/albums\/201003Basquet\/normal_201003__P1010396.jpg\" \/><\/a><\/p>\n","protected":false},"excerpt":{"rendered":"<p>Aqu\u00ed teniu una selecci\u00f3 de fotos de l\u00e2??alumnat de 3r d\u00e2??ESO fent b\u00e0squet en cadira de rodes.<\/p>\n<p> <a target=\"_blank\" href=\"\/ies-jaumebalmes\/cpg1410\/thumbnails.php?album=67\"><\/a> <a target=\"_blank\" href=\"\/ies-jaumebalmes\/cpg1410\/thumbnails.php?album=67\"> <\/a><\/p>\n","protected":false},"author":3,"featured_media":0,"comment_status":"open","ping_status":"open","sticky":false,"template":"","format":"standard","meta":{"_bbp_topic_count":0,"_bbp_reply_count":0,"_bbp_total_topic_count":0,"_bbp_total_reply_count":0,"_bbp_voice_count":0,"_bbp_anonymous_reply_count":0,"_bbp_topic_count_hidden":0,"_bbp_reply_count_hidden":0,"_bbp_forum_subforum_count":0,"footnotes":""},"categories":[1],"tags":[97,100],"class_list":["post-536","post","type-post","status-publish","format-standard","hentry","category-general","tag-intraweb","tag-noticies"],"post_mailing_queue_ids":[],"_links":{"self":[{"href":"https:\/\/agora.xtec.cat\/ies-jaumebalmes\/wp-json\/wp\/v2\/posts\/536","targetHints":{"allow":["GET"]}}],"collection":[{"href":"https:\/\/agora.xtec.cat\/ies-jaumebalmes\/wp-json\/wp\/v2\/posts"}],"about":[{"href":"https:\/\/agora.xtec.cat\/ies-jaumebalmes\/wp-json\/wp\/v2\/types\/post"}],"author":[{"embeddable":true,"href":"https:\/\/agora.xtec.cat\/ies-jaumebalmes\/wp-json\/wp\/v2\/users\/3"}],"replies":[{"embeddable":true,"href":"https:\/\/agora.xtec.cat\/ies-jaumebalmes\/wp-json\/wp\/v2\/comments?post=536"}],"version-history":[{"count":0,"href":"https:\/\/agora.xtec.cat\/ies-jaumebalmes\/wp-json\/wp\/v2\/posts\/536\/revisions"}],"wp:attachment":[{"href":"https:\/\/agora.xtec.cat\/ies-jaumebalmes\/wp-json\/wp\/v2\/media?parent=536"}],"wp:term":[{"taxonomy":"category","embeddable":true,"href":"https:\/\/agora.xtec.cat\/ies-jaumebalmes\/wp-json\/wp\/v2\/categories?post=536"},{"taxonomy":"post_tag","embeddable":true,"href":"https:\/\/agora.xtec.cat\/ies-jaumebalmes\/wp-json\/wp\/v2\/tags?post=536"}],"curies":[{"name":"wp","href":"https:\/\/api.w.org\/{rel}","templated":true}]}}