{"id":535,"date":"2010-04-07T00:44:17","date_gmt":"2010-04-06T23:44:17","guid":{"rendered":"http:\/\/agora.xtec.cat\/ies-jaumebalmes\/general\/premis-obtinguts-pels-nostres-alumnes\/"},"modified":"2010-04-07T00:44:17","modified_gmt":"2010-04-06T23:44:17","slug":"premis-obtinguts-pels-nostres-alumnes","status":"publish","type":"post","link":"https:\/\/agora.xtec.cat\/ies-jaumebalmes\/general\/premis-obtinguts-pels-nostres-alumnes\/","title":{"rendered":"Premis obtinguts pels nostres alumnes"},"content":{"rendered":"<p>Ens alegrem de poder felicitar als nostres alumnes que han obtingut aquests premis:\n<\/p>\n<ul>\n<li><strong>Guillem Mart\u00ed Devesa de 4t d\u00e2??ESO<\/strong> A ha aconseguit el <a target=\"_blank\" href=\"http:\/\/www.omnium.cat\/ca\/projecte\/premi-sambori-omnium-11.html\">PREMI SAMBORI \u00c3?MNIUM 2010<\/a> de narrativa escolar en catal\u00e0.<\/li>\n<li> I<strong>n\u00e9s Losada Peque\u00f1o de 1r de batxillerat C<\/strong> ha obtengut el 1r premi\u00a0 per la seva obra &#8220;VIURE&#8221; dins l&#8217;apartat de videoart &#8220;MINUT JOVE&#8221;\u00a0 pertanyent a la <a target=\"_blank\" href=\"http:\/\/comunicacio.blanquerna.url.edu\/cat\/Especials\/VIIImostra\/default.asp\">VIII Mostra de Comunicaci\u00f3 Escolar Blanquerna-PlayRec<\/a>, que organitza la Facultat de Ci\u00e8ncies de la Comunicaci\u00f3 Blanquerna-Ramon Llull.\n<div>\n<p>Aquesta obra de videoart intenta reflectir una s\u00e8rie de pensaments i sentiments mitjan\u00e7ant paraules i imatges: el pas del temps i els sentiments canviants que tenim les persones sobre les nostres pr\u00f2pies viv\u00e8ncies, el perqu\u00e8 de les coses que fem, del sentit de la vida, perqu\u00e8 sempre tornem al passat, qui som i on estem, s\u00f3n alguns dels temes que es presenten en aquesta narraci\u00f3 audiovisual.\n    <\/p>\n<\/p><\/div>\n<\/li>\n<\/ul>\n","protected":false},"excerpt":{"rendered":"<p>Ens alegrem de poder felicitar als nostres alumnes que han obtingut aquests premis:<\/p>\n<ul>\n<li>Guillem Mart\u00ed Devesa de 4t d\u00e2??ESO A ha aconseguit el <a target=\"_blank\" href=\"http:\/\/www.omnium.cat\/ca\/projecte\/premi-sambori-omnium-11.html\">PREMI SAMBORI \u00c3?MNIUM 2010<\/a> de narrativa escolar en catal\u00e0.<\/li>\n<li> In\u00e9s Losada Peque\u00f1o de 1r de batxillerat C ha obtengut el 1r&hellip;  <a href=\"https:\/\/agora.xtec.cat\/ies-jaumebalmes\/general\/premis-obtinguts-pels-nostres-alumnes\/\" title=\"Read Premis obtinguts pels nostres alumnes\">Llegeix m\u00e9s\u00bb<\/a><br \/>\n","protected":false},"author":3,"featured_media":0,"comment_status":"open","ping_status":"open","sticky":false,"template":"","format":"standard","meta":{"_bbp_topic_count":0,"_bbp_reply_count":0,"_bbp_total_topic_count":0,"_bbp_total_reply_count":0,"_bbp_voice_count":0,"_bbp_anonymous_reply_count":0,"_bbp_topic_count_hidden":0,"_bbp_reply_count_hidden":0,"_bbp_forum_subforum_count":0,"footnotes":""},"categories":[1],"tags":[97,100],"class_list":["post-535","post","type-post","status-publish","format-standard","hentry","category-general","tag-intraweb","tag-noticies"],"post_mailing_queue_ids":[],"_links":{"self":[{"href":"https:\/\/agora.xtec.cat\/ies-jaumebalmes\/wp-json\/wp\/v2\/posts\/535","targetHints":{"allow":["GET"]}}],"collection":[{"href":"https:\/\/agora.xtec.cat\/ies-jaumebalmes\/wp-json\/wp\/v2\/posts"}],"about":[{"href":"https:\/\/agora.xtec.cat\/ies-jaumebalmes\/wp-json\/wp\/v2\/types\/post"}],"author":[{"embeddable":true,"href":"https:\/\/agora.xtec.cat\/ies-jaumebalmes\/wp-json\/wp\/v2\/users\/3"}],"replies":[{"embeddable":true,"href":"https:\/\/agora.xtec.cat\/ies-jaumebalmes\/wp-json\/wp\/v2\/comments?post=535"}],"version-history":[{"count":0,"href":"https:\/\/agora.xtec.cat\/ies-jaumebalmes\/wp-json\/wp\/v2\/posts\/535\/revisions"}],"wp:attachment":[{"href":"https:\/\/agora.xtec.cat\/ies-jaumebalmes\/wp-json\/wp\/v2\/media?parent=535"}],"wp:term":[{"taxonomy":"category","embeddable":true,"href":"https:\/\/agora.xtec.cat\/ies-jaumebalmes\/wp-json\/wp\/v2\/categories?post=535"},{"taxonomy":"post_tag","embeddable":true,"href":"https:\/\/agora.xtec.cat\/ies-jaumebalmes\/wp-json\/wp\/v2\/tags?post=535"}],"curies":[{"name":"wp","href":"https:\/\/api.w.org\/{rel}","templated":true}]}}