{"id":532,"date":"2010-03-10T20:05:02","date_gmt":"2010-03-10T19:05:02","guid":{"rendered":"http:\/\/agora.xtec.cat\/ies-jaumebalmes\/general\/exit-dels-nostres-participants-a-la-1a-olimpiada-de-geologia-de-barcelona\/"},"modified":"2010-03-10T20:05:02","modified_gmt":"2010-03-10T19:05:02","slug":"exit-dels-nostres-participants-a-la-1a-olimpiada-de-geologia-de-barcelona","status":"publish","type":"post","link":"https:\/\/agora.xtec.cat\/ies-jaumebalmes\/general\/exit-dels-nostres-participants-a-la-1a-olimpiada-de-geologia-de-barcelona\/","title":{"rendered":"\u00c3?xit dels nostres participants a la 1a Olimp\u00edada de Geologia de Barcelona"},"content":{"rendered":"<p><strong>Felicitem als alumnes<\/strong> de Batxillerat que han participat el passat 19 de febrer a les<a target=\"_blank\" href=\"http:\/\/www.ub.edu\/futursinousestudiants\/geologia\/index.htm\"> Olimp\u00edades de Geologia per alumnat de Batxillerat<\/a>.\n<\/p>\n<p>La seva classificaci\u00f3 ha estat molt bona. Han ocupat les posicions 7 (<strong>Tom\u00e0s Nassar Codina<\/strong>), 8 (<strong>S\u00edlvia Font Portes<\/strong>) , 10 (<strong>Berta N\u00fa\u00f1ez de Arenas<\/strong>) i 12 (<strong>Lorena Castells Cortiella<\/strong>) d\u00e2??un total de 61 participants.\n<\/p>\n<p><a target=\"_blank\" href=\"http:\/\/www.xtec.cat\/ies-jaumebalmes\/imatges\/OlimpiadaGE2010_1.jpg\"><img decoding=\"async\" style=\"width: 250px; height: 185px;\" src=\"http:\/\/www.xtec.cat\/ies-jaumebalmes\/imatges\/OlimpiadaGE2010_1.jpg\" \/><\/a> <a target=\"_blank\" href=\"http:\/\/www.xtec.cat\/ies-jaumebalmes\/imatges\/OlimpiadaGE2010_2.jpg\"><img decoding=\"async\" style=\"width: 250px; height: 186px;\" src=\"http:\/\/www.xtec.cat\/ies-jaumebalmes\/imatges\/OlimpiadaGE2010_2.jpg\" \/><\/a>\n<\/p>\n<p>\u00a0\n<\/p>\n<p>\n  \n<\/p>\n<p><a target=\"_blank\" href=\"http:\/\/www.xtec.cat\/ies-jaumebalmes\/imatges\/OlimpiadaGE2010_3.jpg\"><img decoding=\"async\" style=\"width: 250px; height: 185px;\" src=\"http:\/\/www.xtec.cat\/ies-jaumebalmes\/imatges\/OlimpiadaGE2010_3.jpg\" \/><\/a> <a target=\"_blank\" href=\"http:\/\/www.xtec.cat\/ies-jaumebalmes\/imatges\/OlimpiadaGE2010_4.jpg\"><img decoding=\"async\" style=\"width: 250px; height: 186px;\" src=\"http:\/\/www.xtec.cat\/ies-jaumebalmes\/imatges\/OlimpiadaGE2010_4.jpg\" \/><\/a><\/p>\n","protected":false},"excerpt":{"rendered":"<p>Felicitem als alumnes de Batxillerat que han participat el passat 19 de febrer a les<a target=\"_blank\" href=\"http:\/\/www.ub.edu\/futursinousestudiants\/geologia\/index.htm\"> Olimp\u00edades de Geologia per alumnat de Batxillerat<\/a>.<\/p>\n<p>La seva classificaci\u00f3 ha estat molt bona. Han ocupat les posicions 7 (Tom\u00e0s Nassar Codina), 8 (S\u00edlvia Font Portes) , 10 (Berta&hellip;  <a href=\"https:\/\/agora.xtec.cat\/ies-jaumebalmes\/general\/exit-dels-nostres-participants-a-la-1a-olimpiada-de-geologia-de-barcelona\/\" title=\"Read \u00c3?xit dels nostres participants a la 1a Olimp\u00edada de Geologia de Barcelona\">Llegeix m\u00e9s\u00bb<\/a><\/p>\n","protected":false},"author":3,"featured_media":0,"comment_status":"open","ping_status":"open","sticky":false,"template":"","format":"standard","meta":{"_bbp_topic_count":0,"_bbp_reply_count":0,"_bbp_total_topic_count":0,"_bbp_total_reply_count":0,"_bbp_voice_count":0,"_bbp_anonymous_reply_count":0,"_bbp_topic_count_hidden":0,"_bbp_reply_count_hidden":0,"_bbp_forum_subforum_count":0,"footnotes":""},"categories":[1],"tags":[97,100],"class_list":["post-532","post","type-post","status-publish","format-standard","hentry","category-general","tag-intraweb","tag-noticies"],"post_mailing_queue_ids":[],"_links":{"self":[{"href":"https:\/\/agora.xtec.cat\/ies-jaumebalmes\/wp-json\/wp\/v2\/posts\/532","targetHints":{"allow":["GET"]}}],"collection":[{"href":"https:\/\/agora.xtec.cat\/ies-jaumebalmes\/wp-json\/wp\/v2\/posts"}],"about":[{"href":"https:\/\/agora.xtec.cat\/ies-jaumebalmes\/wp-json\/wp\/v2\/types\/post"}],"author":[{"embeddable":true,"href":"https:\/\/agora.xtec.cat\/ies-jaumebalmes\/wp-json\/wp\/v2\/users\/3"}],"replies":[{"embeddable":true,"href":"https:\/\/agora.xtec.cat\/ies-jaumebalmes\/wp-json\/wp\/v2\/comments?post=532"}],"version-history":[{"count":0,"href":"https:\/\/agora.xtec.cat\/ies-jaumebalmes\/wp-json\/wp\/v2\/posts\/532\/revisions"}],"wp:attachment":[{"href":"https:\/\/agora.xtec.cat\/ies-jaumebalmes\/wp-json\/wp\/v2\/media?parent=532"}],"wp:term":[{"taxonomy":"category","embeddable":true,"href":"https:\/\/agora.xtec.cat\/ies-jaumebalmes\/wp-json\/wp\/v2\/categories?post=532"},{"taxonomy":"post_tag","embeddable":true,"href":"https:\/\/agora.xtec.cat\/ies-jaumebalmes\/wp-json\/wp\/v2\/tags?post=532"}],"curies":[{"name":"wp","href":"https:\/\/api.w.org\/{rel}","templated":true}]}}