{"id":529,"date":"2010-02-17T23:10:49","date_gmt":"2010-02-17T22:10:49","guid":{"rendered":"http:\/\/agora.xtec.cat\/ies-jaumebalmes\/general\/seleccio-de-fotos-del-carnaval-2010\/"},"modified":"2010-02-17T23:10:49","modified_gmt":"2010-02-17T22:10:49","slug":"seleccio-de-fotos-del-carnaval-2010","status":"publish","type":"post","link":"https:\/\/agora.xtec.cat\/ies-jaumebalmes\/general\/seleccio-de-fotos-del-carnaval-2010\/","title":{"rendered":"Selecci\u00f3 de fotos del Carnaval 2010"},"content":{"rendered":"<p>Aqu\u00ed teniu una selecci\u00f3 de fotos de les activitats de Carnaval del passat divendres 12 de febrer.\n<\/p>\n<p> <a href=\"\/ies-jaumebalmes\/cpg1410\/thumbnails.php?album=64\" target=\"_blank\"><img decoding=\"async\" src=\"\/ies-jaumebalmes\/cpg1410\/albums\/201002Carnestoltes\/normal_20100212_CIMG4254.jpg\" style=\"width: 250px; height: 185px;\" \/><\/a> <a href=\"\/ies-jaumebalmes\/cpg1410\/thumbnails.php?album=64\" target=\"_blank\"> <img decoding=\"async\" src=\"\/ies-jaumebalmes\/cpg1410\/albums\/201002Carnestoltes\/normal_20100212_P1010356.jpg\" style=\"width: 250px; height: 186px;\" \/><\/a> <\/p>\n","protected":false},"excerpt":{"rendered":"<p>Aqu\u00ed teniu una selecci\u00f3 de fotos de les activitats de Carnaval del passat divendres 12 de febrer.<\/p>\n<p> <a href=\"\/ies-jaumebalmes\/cpg1410\/thumbnails.php?album=64\" target=\"_blank\"><\/a> <a href=\"\/ies-jaumebalmes\/cpg1410\/thumbnails.php?album=64\" target=\"_blank\"> <\/a> <\/p>\n","protected":false},"author":3,"featured_media":0,"comment_status":"open","ping_status":"open","sticky":false,"template":"","format":"standard","meta":{"_bbp_topic_count":0,"_bbp_reply_count":0,"_bbp_total_topic_count":0,"_bbp_total_reply_count":0,"_bbp_voice_count":0,"_bbp_anonymous_reply_count":0,"_bbp_topic_count_hidden":0,"_bbp_reply_count_hidden":0,"_bbp_forum_subforum_count":0,"footnotes":""},"categories":[1],"tags":[97,100],"class_list":["post-529","post","type-post","status-publish","format-standard","hentry","category-general","tag-intraweb","tag-noticies"],"post_mailing_queue_ids":[],"_links":{"self":[{"href":"https:\/\/agora.xtec.cat\/ies-jaumebalmes\/wp-json\/wp\/v2\/posts\/529","targetHints":{"allow":["GET"]}}],"collection":[{"href":"https:\/\/agora.xtec.cat\/ies-jaumebalmes\/wp-json\/wp\/v2\/posts"}],"about":[{"href":"https:\/\/agora.xtec.cat\/ies-jaumebalmes\/wp-json\/wp\/v2\/types\/post"}],"author":[{"embeddable":true,"href":"https:\/\/agora.xtec.cat\/ies-jaumebalmes\/wp-json\/wp\/v2\/users\/3"}],"replies":[{"embeddable":true,"href":"https:\/\/agora.xtec.cat\/ies-jaumebalmes\/wp-json\/wp\/v2\/comments?post=529"}],"version-history":[{"count":0,"href":"https:\/\/agora.xtec.cat\/ies-jaumebalmes\/wp-json\/wp\/v2\/posts\/529\/revisions"}],"wp:attachment":[{"href":"https:\/\/agora.xtec.cat\/ies-jaumebalmes\/wp-json\/wp\/v2\/media?parent=529"}],"wp:term":[{"taxonomy":"category","embeddable":true,"href":"https:\/\/agora.xtec.cat\/ies-jaumebalmes\/wp-json\/wp\/v2\/categories?post=529"},{"taxonomy":"post_tag","embeddable":true,"href":"https:\/\/agora.xtec.cat\/ies-jaumebalmes\/wp-json\/wp\/v2\/tags?post=529"}],"curies":[{"name":"wp","href":"https:\/\/api.w.org\/{rel}","templated":true}]}}