{"id":528,"date":"2010-02-15T18:47:08","date_gmt":"2010-02-15T17:47:08","guid":{"rendered":"http:\/\/agora.xtec.cat\/ies-jaumebalmes\/general\/conferencies-per-a-lalumnat-de-batxillerat\/"},"modified":"2010-02-15T18:47:08","modified_gmt":"2010-02-15T17:47:08","slug":"conferencies-per-a-lalumnat-de-batxillerat","status":"publish","type":"post","link":"https:\/\/agora.xtec.cat\/ies-jaumebalmes\/general\/conferencies-per-a-lalumnat-de-batxillerat\/","title":{"rendered":"Confer\u00e8ncies per a l&#8217;alumnat de Batxillerat"},"content":{"rendered":"<p>Dins del Pla d\u00e2??Acci\u00f3 Tutorial de Batxillerat (PAT) es programen, dins de les hores de tutoria, unes confer\u00e8ncies trimestrals per a l\u00e2??alumnat. Les properes confer\u00e8ncies s\u00f3n:\n<\/p>\n<ul>\n<li>Dijous 18\/2\/2010 de 14 a 15 h per a l\u00e2??alumnat de 2n de Batxillerat<br \/>\n  <br \/>Conferenciant: <a href=\"http:\/\/www.angel.qui.ub.es\/mans\/\" target=\"_blank\">Claudi Mans i Teixid\u00f3<\/a>. Professor del Departament d\u00e2??Enginyeria Qu\u00edmica de la Facultat de Qu\u00edmica de la UB<br \/>\n  <br \/>T\u00edtol xerrada &quot; <strong>La ci\u00e8ncia a la cuina<\/strong>&quot;<\/li>\n<li>Dijous 25\/2\/2010 de 14 a 15h per a l\u00e2??alumnat de 1r de Batxillerat<br \/>\n  <br \/> Conferenciant: Miguel Candel<br \/>\n  <br \/> T\u00edtol xerrada &quot;<strong>Filosofia i religi\u00f3<\/strong>&quot;<\/li>\n<\/ul>\n","protected":false},"excerpt":{"rendered":"<p>Dins del Pla d\u00e2??Acci\u00f3 Tutorial de Batxillerat (PAT) es programen, dins de les hores de tutoria, unes confer\u00e8ncies trimestrals per a l\u00e2??alumnat. Les properes confer\u00e8ncies s\u00f3n:<\/p>\n<ul>\n<li>Dijous 18\/2\/2010 de 14 a 15 h per a l\u00e2??alumnat de 2n de Batxillerat<br \/>\n  Conferenciant: <a href=\"http:\/\/www.angel.qui.ub.es\/mans\/\" target=\"_blank\">Claudi Mans&hellip;  <a href=\"https:\/\/agora.xtec.cat\/ies-jaumebalmes\/general\/conferencies-per-a-lalumnat-de-batxillerat\/\" title=\"Read Confer\u00e8ncies per a l&#8217;alumnat de Batxillerat\">Llegeix m\u00e9s\u00bb<\/a><\/p>\n","protected":false},"author":3,"featured_media":0,"comment_status":"open","ping_status":"open","sticky":false,"template":"","format":"standard","meta":{"_bbp_topic_count":0,"_bbp_reply_count":0,"_bbp_total_topic_count":0,"_bbp_total_reply_count":0,"_bbp_voice_count":0,"_bbp_anonymous_reply_count":0,"_bbp_topic_count_hidden":0,"_bbp_reply_count_hidden":0,"_bbp_forum_subforum_count":0,"footnotes":""},"categories":[1],"tags":[97,100],"class_list":["post-528","post","type-post","status-publish","format-standard","hentry","category-general","tag-intraweb","tag-noticies"],"post_mailing_queue_ids":[],"_links":{"self":[{"href":"https:\/\/agora.xtec.cat\/ies-jaumebalmes\/wp-json\/wp\/v2\/posts\/528","targetHints":{"allow":["GET"]}}],"collection":[{"href":"https:\/\/agora.xtec.cat\/ies-jaumebalmes\/wp-json\/wp\/v2\/posts"}],"about":[{"href":"https:\/\/agora.xtec.cat\/ies-jaumebalmes\/wp-json\/wp\/v2\/types\/post"}],"author":[{"embeddable":true,"href":"https:\/\/agora.xtec.cat\/ies-jaumebalmes\/wp-json\/wp\/v2\/users\/3"}],"replies":[{"embeddable":true,"href":"https:\/\/agora.xtec.cat\/ies-jaumebalmes\/wp-json\/wp\/v2\/comments?post=528"}],"version-history":[{"count":0,"href":"https:\/\/agora.xtec.cat\/ies-jaumebalmes\/wp-json\/wp\/v2\/posts\/528\/revisions"}],"wp:attachment":[{"href":"https:\/\/agora.xtec.cat\/ies-jaumebalmes\/wp-json\/wp\/v2\/media?parent=528"}],"wp:term":[{"taxonomy":"category","embeddable":true,"href":"https:\/\/agora.xtec.cat\/ies-jaumebalmes\/wp-json\/wp\/v2\/categories?post=528"},{"taxonomy":"post_tag","embeddable":true,"href":"https:\/\/agora.xtec.cat\/ies-jaumebalmes\/wp-json\/wp\/v2\/tags?post=528"}],"curies":[{"name":"wp","href":"https:\/\/api.w.org\/{rel}","templated":true}]}}