{"id":527,"date":"2010-01-28T23:45:01","date_gmt":"2010-01-28T22:45:01","guid":{"rendered":"http:\/\/agora.xtec.cat\/ies-jaumebalmes\/general\/preinscripcio-curs-2010-2011\/"},"modified":"2010-01-28T23:45:01","modified_gmt":"2010-01-28T22:45:01","slug":"preinscripcio-curs-2010-2011","status":"publish","type":"post","link":"https:\/\/agora.xtec.cat\/ies-jaumebalmes\/general\/preinscripcio-curs-2010-2011\/","title":{"rendered":"Preinscripci\u00f3 curs 2010-2011"},"content":{"rendered":"<p><strong>Calendari de la preinscripci\u00f3 del curs escolar 2010-2011<\/strong> <\/p>\n<ul>\n<li>\n<p>Segon cicle d\u00e2??educaci\u00f3 infantil, educaci\u00f3 prim\u00e0ria i <strong>educaci\u00f3 secund\u00e0ria obligat\u00f2ria<\/strong>:<strong> <\/strong>del <strong>2 al 16 de febrer de 2010<\/strong>. Si la sol\u00b7licitud s&#8217;envia per Internet, el termini es tanca a les 24 h del 15 de febrer de 2010.\n  <\/p>\n<\/li>\n<\/ul>\n<ul>\n<li>\n<p><strong>Batxillerat i cicles formatius de grau mitj\u00e0<\/strong><strong>: <\/strong>del <strong>10 al 21 de maig de 2010<\/strong>. Si la sol\u00b7licitud s&#8217;envia per Internet, el termini es tanca a les 24 h del dia 20 de maig de 2010.&nbsp;\n  <\/p>\n<\/li>\n<p> <\/p>\n<li>\n<p><strong>Cicles formatius de grau superior<\/strong>, esports i art\u00edstics: <strong>A partir del 25 de maig<\/strong> <\/p>\n<\/li>\n<\/ul>\n<p><img loading=\"lazy\" decoding=\"async\" width=\"567\" align=\"middle\" height=\"196\" title=\"calendari portes obertes\" alt=\"calendari portes obertes\" src=\"http:\/\/www.xtec.cat\/ies-jaumebalmes\/imatges\/portesobertes2010b.jpg\" \/> <\/p>\n<ul>\n<li><strong>Teniu disponibles els documents fets servir a les portes obertes del 23\/1\/2010: <a href=\"\/ies-jaumebalmes\/intranet\/index.php?module=Downloads&amp;func=sublevel&amp;cid=37&amp;start=0\">DOCUMENTS|P\u00c3?BLICS|PORTES OBERTES<\/a><\/strong><\/li>\n<\/ul>\n<ul>\n<li>Tota la informaci\u00f3 sobre el proc\u00e9s de preinscripci\u00f3 i matriculaci\u00f3 al <strong><a href=\"http:\/\/www.gencat.cat\/preinscripcio\/\" target=\"_blank\">Web del Departament d\u00e2??Educaci\u00f3<\/a><\/strong><\/li>\n<\/ul>\n","protected":false},"excerpt":{"rendered":"<p>Calendari de la preinscripci\u00f3 del curs escolar 2010-2011 <\/p>\n<ul>\n<li>\nSegon cicle d\u00e2??educaci\u00f3 infantil, educaci\u00f3 prim\u00e0ria i educaci\u00f3 secund\u00e0ria obligat\u00f2ria: del 2 al 16 de febrer de 2010. Si la sol\u00b7licitud s&#8217;envia per Internet, el termini es tanca a les 24 h del 15 de febrer de&hellip;  <a href=\"https:\/\/agora.xtec.cat\/ies-jaumebalmes\/general\/preinscripcio-curs-2010-2011\/\" title=\"Read Preinscripci\u00f3 curs 2010-2011\">Llegeix m\u00e9s\u00bb<\/a><\/p>\n","protected":false},"author":3,"featured_media":0,"comment_status":"open","ping_status":"open","sticky":false,"template":"","format":"standard","meta":{"_bbp_topic_count":0,"_bbp_reply_count":0,"_bbp_total_topic_count":0,"_bbp_total_reply_count":0,"_bbp_voice_count":0,"_bbp_anonymous_reply_count":0,"_bbp_topic_count_hidden":0,"_bbp_reply_count_hidden":0,"_bbp_forum_subforum_count":0,"footnotes":""},"categories":[1],"tags":[97,100],"class_list":["post-527","post","type-post","status-publish","format-standard","hentry","category-general","tag-intraweb","tag-noticies"],"post_mailing_queue_ids":[],"_links":{"self":[{"href":"https:\/\/agora.xtec.cat\/ies-jaumebalmes\/wp-json\/wp\/v2\/posts\/527","targetHints":{"allow":["GET"]}}],"collection":[{"href":"https:\/\/agora.xtec.cat\/ies-jaumebalmes\/wp-json\/wp\/v2\/posts"}],"about":[{"href":"https:\/\/agora.xtec.cat\/ies-jaumebalmes\/wp-json\/wp\/v2\/types\/post"}],"author":[{"embeddable":true,"href":"https:\/\/agora.xtec.cat\/ies-jaumebalmes\/wp-json\/wp\/v2\/users\/3"}],"replies":[{"embeddable":true,"href":"https:\/\/agora.xtec.cat\/ies-jaumebalmes\/wp-json\/wp\/v2\/comments?post=527"}],"version-history":[{"count":0,"href":"https:\/\/agora.xtec.cat\/ies-jaumebalmes\/wp-json\/wp\/v2\/posts\/527\/revisions"}],"wp:attachment":[{"href":"https:\/\/agora.xtec.cat\/ies-jaumebalmes\/wp-json\/wp\/v2\/media?parent=527"}],"wp:term":[{"taxonomy":"category","embeddable":true,"href":"https:\/\/agora.xtec.cat\/ies-jaumebalmes\/wp-json\/wp\/v2\/categories?post=527"},{"taxonomy":"post_tag","embeddable":true,"href":"https:\/\/agora.xtec.cat\/ies-jaumebalmes\/wp-json\/wp\/v2\/tags?post=527"}],"curies":[{"name":"wp","href":"https:\/\/api.w.org\/{rel}","templated":true}]}}