{"id":525,"date":"2010-01-28T23:09:35","date_gmt":"2010-01-28T22:09:35","guid":{"rendered":"http:\/\/agora.xtec.cat\/ies-jaumebalmes\/general\/xerrada-sobre-la-prevencio-del-consum-dalcohol-tabac-i-cannabis\/"},"modified":"2010-01-28T23:09:35","modified_gmt":"2010-01-28T22:09:35","slug":"xerrada-sobre-la-prevencio-del-consum-dalcohol-tabac-i-cannabis","status":"publish","type":"post","link":"https:\/\/agora.xtec.cat\/ies-jaumebalmes\/general\/xerrada-sobre-la-prevencio-del-consum-dalcohol-tabac-i-cannabis\/","title":{"rendered":"Xerrada sobre la prevenci\u00f3 del consum d\u00e2??alcohol, tabac i cannabis"},"content":{"rendered":"<p>Aquesta xerrada est\u00e0 <strong>adre\u00e7ada a totes les fam\u00edlies de 3r d\u00e2??ESO<\/strong> i a aquelles que hi pugueu estar interessades:<\/p>\n<p>El proper <strong>dimecres 17 de Febrer de 2010 a les 19h<\/strong> a la sala d\u00e2??actes de l\u00e2??institut farem una xerrada informativa i d\u00e2??orientaci\u00f3 a c\u00e0rrec de la infermera del centre Cristina Caixal.<br \/>\n   <\/p>\n<p> <\/p>\n<table cellspacing=\"0\" border=\"0\" style=\"width: 596px; height: 195px;\">\n<tbody>\n<tr>\n<td>\n<p>La xerrada s\u00e2??emmarca <strong>dins del programa que l\u00e2??Ag\u00e8ncia de Salut P\u00fablica de Barcelona ofereix als alumnes de 3r d\u00e2??ESO<\/strong>, a partir del Programa \u00e2??Sobre canyes i petes\u00e2?\u009d, de prevenci\u00f3 del consum d\u00e2??alcohol i cannabis.<\/p>\n<p>Hi sou tots convidats!<\/p>\n<p>Coordinaci\u00f3 pedag\u00f2gica\n    <\/p>\n<\/td>\n<td><a href=\"http:\/\/www.aspb.es\/quefem\/escoles\/canyes-petes.htm\" target=\"_blank\"><img decoding=\"async\" src=\"http:\/\/www.aspb.es\/img\/xqpts-canyes-petes.png\" \/><\/a><\/td>\n<\/tr>\n<\/tbody>\n<\/table>\n<p> <strong>15\/3\/2010:<\/strong> <a href=\"\/ies-jaumebalmes\/intranet\/index.php?module=Downloads&amp;func=prep_hand_out&amp;lid=184\" target=\"_blank\">Ja podeu descarregar la presentaci\u00f3<\/a> que es va utillitzar durant la sessi\u00f3.<\/p>\n","protected":false},"excerpt":{"rendered":"<p>Aquesta xerrada est\u00e0 adre\u00e7ada a totes les fam\u00edlies de 3r d\u00e2??ESO i a aquelles que hi pugueu estar interessades:<br \/>\nEl proper dimecres 17 de Febrer de 2010 a les 19h a la sala d\u00e2??actes de l\u00e2??institut farem una xerrada informativa i d\u00e2??orientaci\u00f3 a c\u00e0rrec de la&hellip;  <a href=\"https:\/\/agora.xtec.cat\/ies-jaumebalmes\/general\/xerrada-sobre-la-prevencio-del-consum-dalcohol-tabac-i-cannabis\/\" title=\"Read Xerrada sobre la prevenci\u00f3 del consum d\u00e2??alcohol, tabac i cannabis\">Llegeix m\u00e9s\u00bb<\/a><\/p>\n","protected":false},"author":3,"featured_media":0,"comment_status":"open","ping_status":"open","sticky":false,"template":"","format":"standard","meta":{"_bbp_topic_count":0,"_bbp_reply_count":0,"_bbp_total_topic_count":0,"_bbp_total_reply_count":0,"_bbp_voice_count":0,"_bbp_anonymous_reply_count":0,"_bbp_topic_count_hidden":0,"_bbp_reply_count_hidden":0,"_bbp_forum_subforum_count":0,"footnotes":""},"categories":[1],"tags":[97,100],"class_list":["post-525","post","type-post","status-publish","format-standard","hentry","category-general","tag-intraweb","tag-noticies"],"post_mailing_queue_ids":[],"_links":{"self":[{"href":"https:\/\/agora.xtec.cat\/ies-jaumebalmes\/wp-json\/wp\/v2\/posts\/525","targetHints":{"allow":["GET"]}}],"collection":[{"href":"https:\/\/agora.xtec.cat\/ies-jaumebalmes\/wp-json\/wp\/v2\/posts"}],"about":[{"href":"https:\/\/agora.xtec.cat\/ies-jaumebalmes\/wp-json\/wp\/v2\/types\/post"}],"author":[{"embeddable":true,"href":"https:\/\/agora.xtec.cat\/ies-jaumebalmes\/wp-json\/wp\/v2\/users\/3"}],"replies":[{"embeddable":true,"href":"https:\/\/agora.xtec.cat\/ies-jaumebalmes\/wp-json\/wp\/v2\/comments?post=525"}],"version-history":[{"count":0,"href":"https:\/\/agora.xtec.cat\/ies-jaumebalmes\/wp-json\/wp\/v2\/posts\/525\/revisions"}],"wp:attachment":[{"href":"https:\/\/agora.xtec.cat\/ies-jaumebalmes\/wp-json\/wp\/v2\/media?parent=525"}],"wp:term":[{"taxonomy":"category","embeddable":true,"href":"https:\/\/agora.xtec.cat\/ies-jaumebalmes\/wp-json\/wp\/v2\/categories?post=525"},{"taxonomy":"post_tag","embeddable":true,"href":"https:\/\/agora.xtec.cat\/ies-jaumebalmes\/wp-json\/wp\/v2\/tags?post=525"}],"curies":[{"name":"wp","href":"https:\/\/api.w.org\/{rel}","templated":true}]}}