{"id":523,"date":"2010-01-18T12:46:54","date_gmt":"2010-01-18T11:46:54","guid":{"rendered":"http:\/\/agora.xtec.cat\/ies-jaumebalmes\/general\/criteris-davaluacio-eso-i-btx-i-aula-dautoaprenentatge\/"},"modified":"2010-01-18T12:46:54","modified_gmt":"2010-01-18T11:46:54","slug":"criteris-davaluacio-eso-i-btx-i-aula-dautoaprenentatge","status":"publish","type":"post","link":"https:\/\/agora.xtec.cat\/ies-jaumebalmes\/general\/criteris-davaluacio-eso-i-btx-i-aula-dautoaprenentatge\/","title":{"rendered":"Criteris d&#8217;avaluaci\u00f3 ESO i BTX i Aula d&#8217;autoaprenentatge"},"content":{"rendered":"<p>A la secci\u00f3 <a href=\"\/ies-jaumebalmes\/intranet\/index.php?module=Downloads&amp;func=sublevel&amp;cid=9&amp;start=0\"><strong>Documents | P\u00fablics<\/strong><\/a> hem afegit:\n<\/p>\n<ul>\n<li>Un resum dels <strong>criteris d\u00e2??avaluaci\u00f3 d\u00e2??ESO i Batxillerat<\/strong> agrupats per cursos.<\/li>\n<li>Una descripci\u00f3 de<strong> l\u00e2??Aula d\u00e2??autoaprenentatge<\/strong> que ja est\u00e0 funcionant en el centre. L&#8217;Aula d&#8217;Autoaprenentatge \u00e9s un servei destinat a l&#8217;autoformaci\u00f3 en llengua catalana. Est\u00e0 formada per un conjunt de 7 ordinadors, 1 impressora i un conjunt de recursos per a treballar-hi la llengua catalana. F\u00edsicament es troba a la biblioteca del centre. <\/li>\n<\/ul>\n","protected":false},"excerpt":{"rendered":"<p>A la secci\u00f3 <a href=\"\/ies-jaumebalmes\/intranet\/index.php?module=Downloads&amp;func=sublevel&amp;cid=9&amp;start=0\">Documents | P\u00fablics<\/a> hem afegit:<\/p>\n<ul>\n<li>Un resum dels criteris d\u00e2??avaluaci\u00f3 d\u00e2??ESO i Batxillerat agrupats per cursos.<\/li>\n<li>Una descripci\u00f3 de l\u00e2??Aula d\u00e2??autoaprenentatge que ja est\u00e0 funcionant en el centre. L&#8217;Aula d&#8217;Autoaprenentatge \u00e9s un servei destinat a l&#8217;autoformaci\u00f3 en llengua catalana. Est\u00e0 formada per un&hellip;  <a href=\"https:\/\/agora.xtec.cat\/ies-jaumebalmes\/general\/criteris-davaluacio-eso-i-btx-i-aula-dautoaprenentatge\/\" title=\"Read Criteris d&#8217;avaluaci\u00f3 ESO i BTX i Aula d&#8217;autoaprenentatge\">Llegeix m\u00e9s\u00bb<\/a><br \/>\n","protected":false},"author":3,"featured_media":0,"comment_status":"open","ping_status":"open","sticky":false,"template":"","format":"standard","meta":{"_bbp_topic_count":0,"_bbp_reply_count":0,"_bbp_total_topic_count":0,"_bbp_total_reply_count":0,"_bbp_voice_count":0,"_bbp_anonymous_reply_count":0,"_bbp_topic_count_hidden":0,"_bbp_reply_count_hidden":0,"_bbp_forum_subforum_count":0,"footnotes":""},"categories":[1],"tags":[97,100],"class_list":["post-523","post","type-post","status-publish","format-standard","hentry","category-general","tag-intraweb","tag-noticies"],"post_mailing_queue_ids":[],"_links":{"self":[{"href":"https:\/\/agora.xtec.cat\/ies-jaumebalmes\/wp-json\/wp\/v2\/posts\/523","targetHints":{"allow":["GET"]}}],"collection":[{"href":"https:\/\/agora.xtec.cat\/ies-jaumebalmes\/wp-json\/wp\/v2\/posts"}],"about":[{"href":"https:\/\/agora.xtec.cat\/ies-jaumebalmes\/wp-json\/wp\/v2\/types\/post"}],"author":[{"embeddable":true,"href":"https:\/\/agora.xtec.cat\/ies-jaumebalmes\/wp-json\/wp\/v2\/users\/3"}],"replies":[{"embeddable":true,"href":"https:\/\/agora.xtec.cat\/ies-jaumebalmes\/wp-json\/wp\/v2\/comments?post=523"}],"version-history":[{"count":0,"href":"https:\/\/agora.xtec.cat\/ies-jaumebalmes\/wp-json\/wp\/v2\/posts\/523\/revisions"}],"wp:attachment":[{"href":"https:\/\/agora.xtec.cat\/ies-jaumebalmes\/wp-json\/wp\/v2\/media?parent=523"}],"wp:term":[{"taxonomy":"category","embeddable":true,"href":"https:\/\/agora.xtec.cat\/ies-jaumebalmes\/wp-json\/wp\/v2\/categories?post=523"},{"taxonomy":"post_tag","embeddable":true,"href":"https:\/\/agora.xtec.cat\/ies-jaumebalmes\/wp-json\/wp\/v2\/tags?post=523"}],"curies":[{"name":"wp","href":"https:\/\/api.w.org\/{rel}","templated":true}]}}