{"id":522,"date":"2010-01-08T16:50:11","date_gmt":"2010-01-08T15:50:11","guid":{"rendered":"http:\/\/agora.xtec.cat\/ies-jaumebalmes\/general\/festa-de-nadal-2006-actuacions-i-pastissos-solidaris\/"},"modified":"2010-01-08T16:50:11","modified_gmt":"2010-01-08T15:50:11","slug":"festa-de-nadal-2006-actuacions-i-pastissos-solidaris","status":"publish","type":"post","link":"https:\/\/agora.xtec.cat\/ies-jaumebalmes\/general\/festa-de-nadal-2006-actuacions-i-pastissos-solidaris\/","title":{"rendered":"Festa de Nadal 2006 (actuacions i pastissos solidaris)"},"content":{"rendered":"<p>Un any m\u00e9s, l\u00e2??\u00faltim dia del primer trimestre, vam fer la Festa de Nadal. Tota mena d\u00e2??actuacions es van anar succeint al llarg del mat\u00ed.\n<\/p>\n<p> <\/p>\n<p>Pels de 1r i 2n d\u00e2??ESO amic invisible, obra de teatre de l\u00e2??alumnat de 2n d\u00e2??ESO (El Conte de Nadal de Charles Dickens), lectura de poemes de Nadal, actuacions musicals i per sobre de tot l\u00e2??actuaci\u00f3 de l\u00e2??orquestra del Balmes que va delectar a tot el p\u00fablic amb la seva actuaci\u00f3.\n<\/p>\n<p> <\/p>\n<p>A l\u00e2??hora del pati, una vegada m\u00e9s, es van fer els pastissos solidaris, aquest any amb r\u00e8cord de pastissos i de diners recollits. L\u00e2??alumnat de 1r i 2n va fer m\u00e9s de 50 pastissos i es van aconseguir vendre m\u00e9s de 600 trossos de past\u00eds, el que vol dir que es van recollir exactament 334\u00e2??50\u00e2?\u00ac. Aquests diners es donaran a la Fundaci\u00f3 Arrels que treballa amb la gent sense sostre. Durant el mat\u00ed vam rebre la visita dels nostres amics d\u00e2??Arrels i van fer un reportatge que podeu visitar a la seva p\u00e0gina web (<a href=\"http:\/\/www.arrelsfundacio.org\" title=\"Fundaci\u00f3 arrels\" target=\"_blank\">http:\/\/www.arrelsfundacio.org<\/a> o directament a <a href=\"http:\/\/www.arrelsfundacio.org\/ca\/noticies\/363-pastissosjaumebalmes\" target=\"_blank\">http:\/\/www.arrelsfundacio.org\/ca\/noticies\/363-pastissosjaumebalmes<\/a>).\n<\/p>\n<p> <\/p>\n<p>I al final amb una sala d\u00e2??actes abarrotada de p\u00fablic va tornar a haver-hi l\u00e2??actuaci\u00f3 de l\u00e2??orquestra del Balmes, ara per l\u00e2??alumnat de 3r i 4t d\u00e2??ESO i de batxillerat que no es van voler perdre aquesta festa. A continuaci\u00f3 s\u00e2??alternaren les actuacions musicals de tota mena amb petites representacions i recitacions de poemes.\n<\/p>\n<p> <\/p>\n<p>Cansats despr\u00e9s d\u00e2??un mat\u00ed intens i d\u00e2??un llarg trimestre, per\u00f2 amb l\u00e2??alegria de que tot va rutllar d\u00e2??all\u00f2 m\u00e9s b\u00e9, vam cloure la Festa a tres quarts de 3 i ens vam desitjar tots unes molt bones festes i&#8230; fins l\u00e2??any que ve!!!\n<\/p>\n<p> <\/p>\n<p>Aqu\u00ed teniu un recull de les millors fotos de la Festa de Nadal 2009\n<\/p>\n<p><a href=\"\/ies-jaumebalmes\/cpg1410\/thumbnails.php?album=61\" target=\"_blank\"><img decoding=\"async\" src=\"\/ies-jaumebalmes\/cpg1410\/albums\/200912Nadal\/normal_200912n__CIMG3644.jpg\" style=\"width: 250px; height: 185px;\" \/><\/a> <a href=\"\/ies-jaumebalmes\/cpg1410\/thumbnails.php?album=61\" target=\"_blank\"> <img decoding=\"async\" src=\"\/ies-jaumebalmes\/cpg1410\/albums\/200912Nadal\/normal_200912n__CIMG3597.jpg\" style=\"width: 250px; height: 186px;\" \/><\/a> <\/p>\n<p>I dels pastissos solidaris\n<\/p>\n<p><a href=\"\/ies-jaumebalmes\/cpg1410\/thumbnails.php?album=62\" target=\"_blank\"><img decoding=\"async\" src=\"\/ies-jaumebalmes\/cpg1410\/albums\/200912pastissos\/normal_200912p__CIMG3601.jpg\" style=\"width: 250px; height: 185px;\" \/><\/a> <a href=\"\/ies-jaumebalmes\/cpg1410\/thumbnails.php?album=62\" target=\"_blank\"> <img decoding=\"async\" src=\"\/ies-jaumebalmes\/cpg1410\/albums\/200912pastissos\/normal_200912p__P1010321.jpg\" style=\"width: 250px; height: 186px;\" \/><\/a> <\/p>\n","protected":false},"excerpt":{"rendered":"<p>Un any m\u00e9s, l\u00e2??\u00faltim dia del primer trimestre, vam fer la Festa de Nadal. Tota mena d\u00e2??actuacions es van anar succeint al llarg del mat\u00ed.<\/p>\n<p>Pels de 1r i 2n d\u00e2??ESO amic invisible, obra de teatre de l\u00e2??alumnat de 2n d\u00e2??ESO (El Conte de Nadal&hellip;  <a href=\"https:\/\/agora.xtec.cat\/ies-jaumebalmes\/general\/festa-de-nadal-2006-actuacions-i-pastissos-solidaris\/\" title=\"Read Festa de Nadal 2006 (actuacions i pastissos solidaris)\">Llegeix m\u00e9s\u00bb<\/a><\/p>\n","protected":false},"author":3,"featured_media":0,"comment_status":"open","ping_status":"open","sticky":false,"template":"","format":"standard","meta":{"_bbp_topic_count":0,"_bbp_reply_count":0,"_bbp_total_topic_count":0,"_bbp_total_reply_count":0,"_bbp_voice_count":0,"_bbp_anonymous_reply_count":0,"_bbp_topic_count_hidden":0,"_bbp_reply_count_hidden":0,"_bbp_forum_subforum_count":0,"footnotes":""},"categories":[1],"tags":[97,100],"class_list":["post-522","post","type-post","status-publish","format-standard","hentry","category-general","tag-intraweb","tag-noticies"],"post_mailing_queue_ids":[],"_links":{"self":[{"href":"https:\/\/agora.xtec.cat\/ies-jaumebalmes\/wp-json\/wp\/v2\/posts\/522","targetHints":{"allow":["GET"]}}],"collection":[{"href":"https:\/\/agora.xtec.cat\/ies-jaumebalmes\/wp-json\/wp\/v2\/posts"}],"about":[{"href":"https:\/\/agora.xtec.cat\/ies-jaumebalmes\/wp-json\/wp\/v2\/types\/post"}],"author":[{"embeddable":true,"href":"https:\/\/agora.xtec.cat\/ies-jaumebalmes\/wp-json\/wp\/v2\/users\/3"}],"replies":[{"embeddable":true,"href":"https:\/\/agora.xtec.cat\/ies-jaumebalmes\/wp-json\/wp\/v2\/comments?post=522"}],"version-history":[{"count":0,"href":"https:\/\/agora.xtec.cat\/ies-jaumebalmes\/wp-json\/wp\/v2\/posts\/522\/revisions"}],"wp:attachment":[{"href":"https:\/\/agora.xtec.cat\/ies-jaumebalmes\/wp-json\/wp\/v2\/media?parent=522"}],"wp:term":[{"taxonomy":"category","embeddable":true,"href":"https:\/\/agora.xtec.cat\/ies-jaumebalmes\/wp-json\/wp\/v2\/categories?post=522"},{"taxonomy":"post_tag","embeddable":true,"href":"https:\/\/agora.xtec.cat\/ies-jaumebalmes\/wp-json\/wp\/v2\/tags?post=522"}],"curies":[{"name":"wp","href":"https:\/\/api.w.org\/{rel}","templated":true}]}}