{"id":519,"date":"2010-01-23T23:59:57","date_gmt":"2010-01-23T22:59:57","guid":{"rendered":"http:\/\/agora.xtec.cat\/ies-jaumebalmes\/general\/jornades-de-portes-obertes-2010\/"},"modified":"2010-01-23T23:59:57","modified_gmt":"2010-01-23T22:59:57","slug":"jornades-de-portes-obertes-2010","status":"publish","type":"post","link":"https:\/\/agora.xtec.cat\/ies-jaumebalmes\/general\/jornades-de-portes-obertes-2010\/","title":{"rendered":"Jornades de portes obertes 2010"},"content":{"rendered":"<\/p>\n<h2>Dissabte 23 de gener de 2010<br \/>\n<\/h2>\n<p>=====&gt;<br \/>\n   <\/p>\n<p><strong>Ja teniu disponibles els documents fets servir a les reunions informatives: <a href=\"\/ies-jaumebalmes\/intranet\/index.php?module=Downloads&amp;func=sublevel&amp;cid=37&amp;start=0\">DOCUMENTS|P\u00c3?BLICS|PORTES OBERTES<\/a><\/strong> <\/p>\n<p>=====&gt;<br \/>\n   <\/p>\n<ul>\n<li><strong>10.00<\/strong> reuni\u00f3 informativa <strong>ESO<\/strong><\/li>\n<li><strong>12.00<\/strong> reuni\u00f3 informativa <strong>Batxillerat i Cicles Formatius<\/strong><\/li>\n<li><strong>De 10.00 a 14.00 visita de les instal\u00b7lacions<\/strong> del centre<\/li>\n<\/ul>\n<p>Us esperem<img loading=\"lazy\" decoding=\"async\" width=\"567\" align=\"middle\" height=\"196\" title=\"calendari portes obertes\" alt=\"calendari portes obertes 2010\" src=\"http:\/\/www.xtec.cat\/ies-jaumebalmes\/imatges\/portesobertes2010.jpg\" \/> <br \/> <img loading=\"lazy\" decoding=\"async\" width=\"567\" align=\"middle\" height=\"196\" title=\"calendari portes obertes\" alt=\"calendari portes obertes\" src=\"http:\/\/www.xtec.cat\/ies-jaumebalmes\/imatges\/portesobertes2010b.jpg\" \/> <\/p>\n<p>Tota la informaci\u00f3 de la Preinscripci\u00f3 la trobareu al <a href=\"http:\/\/www.gencat.cat\/preinscripcio\/index.html\" target=\"_blank\">Web del Departament d\u00e2??Educaci\u00f3<\/a>.&nbsp;<br \/>\n   <\/p>\n<p> <strong>Calendari de la preinscripci\u00f3 del curs escolar 2010-2011<\/strong> <\/p>\n<ul>\n<li>\n<p>Segon cicle d\u00e2??educaci\u00f3 infantil, educaci\u00f3 prim\u00e0ria i <strong>educaci\u00f3 secund\u00e0ria obligat\u00f2ria<\/strong>:<strong> <\/strong>del <strong>2 al 16 de febrer de 2010<\/strong>. Si la sol\u00b7licitud s&#8217;envia per Internet, el termini es tanca a les 24 h del 15 de febrer de 2010.\n  <\/p>\n<\/li>\n<\/ul>\n<ul>\n<li>\n<p><strong>Batxillerat i cicles formatius de grau mitj\u00e0<\/strong><strong>: <\/strong>del <strong>10 al 21 de maig de 2010<\/strong>. Si la sol\u00b7licitud s&#8217;envia per Internet, el termini es tanca a les 24 h del dia 20 de maig de 2010.&nbsp;\n  <\/p>\n<\/li>\n<li>\n<p><strong>Cicles formatius de grau superior<\/strong>, esports i art\u00edstics: <strong>A partir del 25 de maig<\/strong> <\/p>\n<\/li>\n<\/ul>\n<p>&#8212;&#8212;&#8212;&#8212;&#8212;&#8212;&#8212;&#8212;&#8212;&#8212;&#8212;&#8212;&#8212;&#8212;&#8212;&#8212;&#8212;&#8212;&#8212;&#8212;&#8212;&#8212;&#8212;&#8212;&#8212;&#8212;&#8212;&#8212;&#8212;&#8212;&#8212;&#8212;&#8212;&#8212;&#8212;&#8212;&#8212;&#8211;<br \/>\n   <\/p>\n<p>Not\u00edcia enviada a la Intraweb el 16\/12\/2009 que ha ocupat la part superior de la portada fins el 24\/1\/2010<br \/>\n   <\/p>\n","protected":false},"excerpt":{"rendered":"<p>Dissabte 23 de gener de 2010<\/p>\n<p>=====&gt;<\/p>\n<p>Ja teniu disponibles els documents fets servir a les reunions informatives: <a href=\"\/ies-jaumebalmes\/intranet\/index.php?module=Downloads&amp;func=sublevel&amp;cid=37&amp;start=0\">DOCUMENTS|P\u00c3?BLICS|PORTES OBERTES<\/a><br \/>\n=====&gt;<\/p>\n<ul>\n<li>10.00 reuni\u00f3 informativa ESO<\/li>\n<li>12.00 reuni\u00f3 informativa Batxillerat i Cicles Formatius<\/li>\n<li>De 10.00 a 14.00 visita de les instal\u00b7lacions del centre<\/li>\n<\/ul>\n<p>Us esperem&hellip;  <a href=\"https:\/\/agora.xtec.cat\/ies-jaumebalmes\/general\/jornades-de-portes-obertes-2010\/\" title=\"Read Jornades de portes obertes 2010\">Llegeix m\u00e9s\u00bb<\/a><\/p>\n","protected":false},"author":3,"featured_media":0,"comment_status":"open","ping_status":"open","sticky":false,"template":"","format":"standard","meta":{"_bbp_topic_count":0,"_bbp_reply_count":0,"_bbp_total_topic_count":0,"_bbp_total_reply_count":0,"_bbp_voice_count":0,"_bbp_anonymous_reply_count":0,"_bbp_topic_count_hidden":0,"_bbp_reply_count_hidden":0,"_bbp_forum_subforum_count":0,"footnotes":""},"categories":[1],"tags":[97,100],"class_list":["post-519","post","type-post","status-publish","format-standard","hentry","category-general","tag-intraweb","tag-noticies"],"post_mailing_queue_ids":[],"_links":{"self":[{"href":"https:\/\/agora.xtec.cat\/ies-jaumebalmes\/wp-json\/wp\/v2\/posts\/519","targetHints":{"allow":["GET"]}}],"collection":[{"href":"https:\/\/agora.xtec.cat\/ies-jaumebalmes\/wp-json\/wp\/v2\/posts"}],"about":[{"href":"https:\/\/agora.xtec.cat\/ies-jaumebalmes\/wp-json\/wp\/v2\/types\/post"}],"author":[{"embeddable":true,"href":"https:\/\/agora.xtec.cat\/ies-jaumebalmes\/wp-json\/wp\/v2\/users\/3"}],"replies":[{"embeddable":true,"href":"https:\/\/agora.xtec.cat\/ies-jaumebalmes\/wp-json\/wp\/v2\/comments?post=519"}],"version-history":[{"count":0,"href":"https:\/\/agora.xtec.cat\/ies-jaumebalmes\/wp-json\/wp\/v2\/posts\/519\/revisions"}],"wp:attachment":[{"href":"https:\/\/agora.xtec.cat\/ies-jaumebalmes\/wp-json\/wp\/v2\/media?parent=519"}],"wp:term":[{"taxonomy":"category","embeddable":true,"href":"https:\/\/agora.xtec.cat\/ies-jaumebalmes\/wp-json\/wp\/v2\/categories?post=519"},{"taxonomy":"post_tag","embeddable":true,"href":"https:\/\/agora.xtec.cat\/ies-jaumebalmes\/wp-json\/wp\/v2\/tags?post=519"}],"curies":[{"name":"wp","href":"https:\/\/api.w.org\/{rel}","templated":true}]}}