{"id":517,"date":"2009-12-04T14:31:48","date_gmt":"2009-12-04T13:31:48","guid":{"rendered":"http:\/\/agora.xtec.cat\/ies-jaumebalmes\/general\/el-llegat-de-darwin\/"},"modified":"2009-12-04T14:31:48","modified_gmt":"2009-12-04T13:31:48","slug":"el-llegat-de-darwin","status":"publish","type":"post","link":"https:\/\/agora.xtec.cat\/ies-jaumebalmes\/general\/el-llegat-de-darwin\/","title":{"rendered":"El llegat de Darwin"},"content":{"rendered":"<p>El passat dijous vam assistir a una confer\u00e8ncia sobre Darwin i la teoria de l\u00e2??evoluci\u00f3. Tot i que d\u00e2??entrada la idea no ens feia gaire il\u00e2?\u00a2lusi\u00f3, perqu\u00e8 ens hav\u00edem de quedar una hora m\u00e9s enlloc d\u00e2??anar tranquil\u00e2?\u00a2lament a dinar a casa, la cosa va acabar interessant-nos prou. El conferenciant era el Jordi Paps, que havia&nbsp; fet la seva tesi sobre el tema. De manera r\u00e0pida per\u00f2 simp\u00e0tica ens va explicar la vida de Darwin i la teoria de l\u00e2??evoluci\u00f3 tal com la va pensar ell. Despr\u00e9s va venir la part que potser va ser m\u00e9s interessant: uns exemples d\u00e2??aplicaci\u00f3 de la selecci\u00f3 natural a la medicina, i una llista d\u00e2??errors que se solen cometre parlant de l\u00e2??evoluci\u00f3, com per exemple aquest: a les girafes no els creix el coll al llarg de les generacions perqu\u00e8 puguin arribar a les fulles, sin\u00f3 que sobreviuen les que tenen mutacions m\u00e9s favorables per a la reproducci\u00f3, en aquest cas tenir el coll m\u00e9s alt, que fa que puguin menjar millor. Aixa, cada cop \u00e9 m\u00e9s elevada la proporci\u00f3 de girafes de coll alt. Cal dir que el tal Paps ens va tenir d\u00e2??all\u00f2 m\u00e9s controlats, i va poder parlar davant de m\u00e9s de 100 persones sense mico i tot!<\/p>\n<p>Samuel Nel.lo (1r de batxillerat)<\/p>\n<p><a href=\"\/ies-jaumebalmes\/cpg1410\/thumbnails.php?album=58\" target=\"_blank\"><img decoding=\"async\" src=\"\/ies-jaumebalmes\/cpg1410\/albums\/200911Darwin\/normal_20091126_CIMG3503.jpg\" style=\"width: 250px; height: 185px;\" \/><\/a> <a href=\"\/ies-jaumebalmes\/cpg1410\/thumbnails.php?album=58\" target=\"_blank\"> <img decoding=\"async\" src=\"\/ies-jaumebalmes\/cpg1410\/albums\/200911Darwin\/normal_20091126_CIMG3508.jpg\" style=\"width: 250px; height: 186px;\" \/><\/a> <\/p>\n","protected":false},"excerpt":{"rendered":"<p>El passat dijous vam assistir a una confer\u00e8ncia sobre Darwin i la teoria de l\u00e2??evoluci\u00f3. Tot i que d\u00e2??entrada la idea no ens feia gaire il\u00e2?\u00a2lusi\u00f3, perqu\u00e8 ens hav\u00edem de quedar una hora m\u00e9s enlloc d\u00e2??anar tranquil\u00e2?\u00a2lament a dinar a casa, la cosa va acabar&hellip;  <a href=\"https:\/\/agora.xtec.cat\/ies-jaumebalmes\/general\/el-llegat-de-darwin\/\" title=\"Read El llegat de Darwin\">Llegeix m\u00e9s\u00bb<\/a><\/p>\n","protected":false},"author":3,"featured_media":0,"comment_status":"open","ping_status":"open","sticky":false,"template":"","format":"standard","meta":{"_bbp_topic_count":0,"_bbp_reply_count":0,"_bbp_total_topic_count":0,"_bbp_total_reply_count":0,"_bbp_voice_count":0,"_bbp_anonymous_reply_count":0,"_bbp_topic_count_hidden":0,"_bbp_reply_count_hidden":0,"_bbp_forum_subforum_count":0,"footnotes":""},"categories":[1],"tags":[97,100],"class_list":["post-517","post","type-post","status-publish","format-standard","hentry","category-general","tag-intraweb","tag-noticies"],"post_mailing_queue_ids":[],"_links":{"self":[{"href":"https:\/\/agora.xtec.cat\/ies-jaumebalmes\/wp-json\/wp\/v2\/posts\/517","targetHints":{"allow":["GET"]}}],"collection":[{"href":"https:\/\/agora.xtec.cat\/ies-jaumebalmes\/wp-json\/wp\/v2\/posts"}],"about":[{"href":"https:\/\/agora.xtec.cat\/ies-jaumebalmes\/wp-json\/wp\/v2\/types\/post"}],"author":[{"embeddable":true,"href":"https:\/\/agora.xtec.cat\/ies-jaumebalmes\/wp-json\/wp\/v2\/users\/3"}],"replies":[{"embeddable":true,"href":"https:\/\/agora.xtec.cat\/ies-jaumebalmes\/wp-json\/wp\/v2\/comments?post=517"}],"version-history":[{"count":0,"href":"https:\/\/agora.xtec.cat\/ies-jaumebalmes\/wp-json\/wp\/v2\/posts\/517\/revisions"}],"wp:attachment":[{"href":"https:\/\/agora.xtec.cat\/ies-jaumebalmes\/wp-json\/wp\/v2\/media?parent=517"}],"wp:term":[{"taxonomy":"category","embeddable":true,"href":"https:\/\/agora.xtec.cat\/ies-jaumebalmes\/wp-json\/wp\/v2\/categories?post=517"},{"taxonomy":"post_tag","embeddable":true,"href":"https:\/\/agora.xtec.cat\/ies-jaumebalmes\/wp-json\/wp\/v2\/tags?post=517"}],"curies":[{"name":"wp","href":"https:\/\/api.w.org\/{rel}","templated":true}]}}