{"id":516,"date":"2009-12-04T14:05:51","date_gmt":"2009-12-04T13:05:51","guid":{"rendered":"http:\/\/agora.xtec.cat\/ies-jaumebalmes\/general\/el-dia-de-la-diversitat-30112009\/"},"modified":"2009-12-04T14:05:51","modified_gmt":"2009-12-04T13:05:51","slug":"el-dia-de-la-diversitat-30112009","status":"publish","type":"post","link":"https:\/\/agora.xtec.cat\/ies-jaumebalmes\/general\/el-dia-de-la-diversitat-30112009\/","title":{"rendered":"El dia de la diversitat (30\/11\/2009)"},"content":{"rendered":"<p>El Dia de la Diversitat \u00e9s un esdeveniment de foment, sensibilitzaci\u00f3 i educaci\u00f3 en drets humans, adre\u00e7at a joves estudiants de 12 a 18 anys. A trav\u00e9s de jocs, din\u00e0miques, tallers i diferents propostes d\u00e2??activitats es donaran a con\u00e8ixer aquests drets i es posaran a l\u00e2??abast dels participants les entitats de refer\u00e8ncia que hi treballen.\n<\/p>\n<p>Est\u00e0 organitzat per la Regidoria de Drets Civils de l\u00e2??Ajuntament de Barcelona i l\u00e2??Ag\u00e8ncia Europea de Drets Fonamentals, en col\u00b7laboraci\u00f3 amb l\u00e2??Institut Municipal d\u00e2??Educaci\u00f3 de Barcelona entitats de la ciutat,amb la intenci\u00f3 d\u00e2??oferir un espai que fomenti la interacci\u00f3 i el respecte mutu entre els joves: diversos, diferents i totes i tots iguals en drets.\n<\/p>\n<p>El Dia de la Diversitat a Barcelona es vincula enguany a l\u00e2??Any Internacional de l\u00e2??Aprenentatge en Drets Humans, a l\u00e2??Any Europeu de la Creativitat i la Innovaci\u00f3 i tamb\u00e9 a les X Jornades del Projecte Educatiu de Ciutat de Barcelona \u00e2??Democr\u00e0cia, educaci\u00f3 i participaci\u00f3 ciutadana\u00e2?\u009d.\n<\/p>\n<p>Podeu mirar les fotografies de la participaci\u00f3 dels nostres alumnes de 2n d\u00e2??ESO en el dia de la Diversitat realitzat el pasat dilluns 30 de novembre al Pavell\u00f3 Ol\u00edmpic de la Vall d\u00e2??Hebron.\n<\/p>\n<p><a href=\"\/ies-jaumebalmes\/cpg1410\/thumbnails.php?album=56\" target=\"_blank\"><img decoding=\"async\" src=\"\/ies-jaumebalmes\/cpg1410\/albums\/20091130_diver\/normal_20091130_P1010306.jpg\" style=\"width: 250px; height: 185px;\" \/><\/a> <a href=\"\/ies-jaumebalmes\/cpg1410\/thumbnails.php?album=56\" target=\"_blank\"> <img decoding=\"async\" src=\"\/ies-jaumebalmes\/cpg1410\/albums\/20091130_diver\/normal_20091130_P1010310.jpg\" style=\"width: 250px; height: 186px;\" \/><\/a> <\/p>\n","protected":false},"excerpt":{"rendered":"<p>El Dia de la Diversitat \u00e9s un esdeveniment de foment, sensibilitzaci\u00f3 i educaci\u00f3 en drets humans, adre\u00e7at a joves estudiants de 12 a 18 anys. A trav\u00e9s de jocs, din\u00e0miques, tallers i diferents propostes d\u00e2??activitats es donaran a con\u00e8ixer aquests drets i es posaran a&hellip;  <a href=\"https:\/\/agora.xtec.cat\/ies-jaumebalmes\/general\/el-dia-de-la-diversitat-30112009\/\" title=\"Read El dia de la diversitat (30\/11\/2009)\">Llegeix m\u00e9s\u00bb<\/a><\/p>\n","protected":false},"author":3,"featured_media":0,"comment_status":"open","ping_status":"open","sticky":false,"template":"","format":"standard","meta":{"_bbp_topic_count":0,"_bbp_reply_count":0,"_bbp_total_topic_count":0,"_bbp_total_reply_count":0,"_bbp_voice_count":0,"_bbp_anonymous_reply_count":0,"_bbp_topic_count_hidden":0,"_bbp_reply_count_hidden":0,"_bbp_forum_subforum_count":0,"footnotes":""},"categories":[1],"tags":[97,100],"class_list":["post-516","post","type-post","status-publish","format-standard","hentry","category-general","tag-intraweb","tag-noticies"],"post_mailing_queue_ids":[],"_links":{"self":[{"href":"https:\/\/agora.xtec.cat\/ies-jaumebalmes\/wp-json\/wp\/v2\/posts\/516","targetHints":{"allow":["GET"]}}],"collection":[{"href":"https:\/\/agora.xtec.cat\/ies-jaumebalmes\/wp-json\/wp\/v2\/posts"}],"about":[{"href":"https:\/\/agora.xtec.cat\/ies-jaumebalmes\/wp-json\/wp\/v2\/types\/post"}],"author":[{"embeddable":true,"href":"https:\/\/agora.xtec.cat\/ies-jaumebalmes\/wp-json\/wp\/v2\/users\/3"}],"replies":[{"embeddable":true,"href":"https:\/\/agora.xtec.cat\/ies-jaumebalmes\/wp-json\/wp\/v2\/comments?post=516"}],"version-history":[{"count":0,"href":"https:\/\/agora.xtec.cat\/ies-jaumebalmes\/wp-json\/wp\/v2\/posts\/516\/revisions"}],"wp:attachment":[{"href":"https:\/\/agora.xtec.cat\/ies-jaumebalmes\/wp-json\/wp\/v2\/media?parent=516"}],"wp:term":[{"taxonomy":"category","embeddable":true,"href":"https:\/\/agora.xtec.cat\/ies-jaumebalmes\/wp-json\/wp\/v2\/categories?post=516"},{"taxonomy":"post_tag","embeddable":true,"href":"https:\/\/agora.xtec.cat\/ies-jaumebalmes\/wp-json\/wp\/v2\/tags?post=516"}],"curies":[{"name":"wp","href":"https:\/\/api.w.org\/{rel}","templated":true}]}}