{"id":515,"date":"2009-11-27T23:34:02","date_gmt":"2009-11-27T22:34:02","guid":{"rendered":"http:\/\/agora.xtec.cat\/ies-jaumebalmes\/general\/de-marxa-fent-esport\/"},"modified":"2009-11-27T23:34:02","modified_gmt":"2009-11-27T22:34:02","slug":"de-marxa-fent-esport","status":"publish","type":"post","link":"https:\/\/agora.xtec.cat\/ies-jaumebalmes\/general\/de-marxa-fent-esport\/","title":{"rendered":"De marxa&#8230; fent esport!"},"content":{"rendered":"<p>Els postres alumnes de 4t d\u00e2??ESO han participat al programa De marxa&#8230; fent esport!, que promou l\u00e2??Ag\u00e8ncia de Salut P\u00fablica.\n<\/p>\n<p>El programa pret\u00e9n fer promoci\u00f3 de l\u00e2??oci saludable, tot estimulant la pr\u00e0ctica de l\u00e2??exercici f\u00edsic en el temps de lleure i donar a con\u00e8ixer recursos esportius del nostre districte. \u00c3?s per aix\u00f2 que l\u00e2??activitat s\u00e2??ha realitzat al poliesportiu municipal Joan Mir\u00f3.\n<\/p>\n<p>Tamb\u00e9 pret\u00e9n fer prevenci\u00f3 del consum de drogues.\n<\/p>\n<p>L\u00e2??activitat consta de 3 fases:\n<\/p>\n<ul>\n<li>La primera ha estat una visita al Poliesportiu Municipal Joan Mir\u00f3 on han fet una xerrada-taller de prevenci\u00f3 de drogodepend\u00e8ncies a c\u00e0rrec de professionals de la Fundaci\u00f3 Mensalus. Despr\u00e9s han participat en diferents activitats (cicling, esports alternatius, steps, condicionament f\u00edsic amb suport musical, body balance&#8230;)<br \/>\n   <\/li>\n<li>La segona fase consisteix en un programa d\u00e2??activitats dirigides durant 3 mesos (2n trimestre del curs) al mateix poliesportiu. S\u00f3n dues sessions setmanals (dimecres i divendres a la tarda) gratu\u00eftes per tots es alumnes que ho vulguin. Tan sols han d\u00e2??omplir la butlleta i donar-la al professor\/a d\u00e2??educaci\u00f3 f\u00edsica.<br \/>\n   <\/li>\n<li>La tercera fase (despr\u00e9s de setmana santa) ofereix la possibilitat d\u00e2??apuntar-se a la instal.laci\u00f3 municipal a un preu molt assequible. <\/li>\n<\/ul>\n<p>Us adjuntem unes fotografies de la primera fase que van realitzar els nostres alumnes.\n<\/p>\n<p><a href=\"\/ies-jaumebalmes\/cpg1410\/thumbnails.php?album=52\" target=\"_blank\"><img decoding=\"async\" src=\"\/ies-jaumebalmes\/cpg1410\/albums\/200911fentesport\/200911_DSCN7204.jpg\" style=\"width: 250px; height: 185px;\" \/><\/a> <a href=\"\/ies-jaumebalmes\/cpg1410\/thumbnails.php?album=52\" target=\"_blank\"> <img decoding=\"async\" src=\"\/ies-jaumebalmes\/cpg1410\/albums\/200911fentesport\/200911_DSCN7129.jpg\" style=\"width: 250px; height: 186px;\" \/><\/a> <\/p>\n<p><\/p>\n","protected":false},"excerpt":{"rendered":"<p>Els postres alumnes de 4t d\u00e2??ESO han participat al programa De marxa&#8230; fent esport!, que promou l\u00e2??Ag\u00e8ncia de Salut P\u00fablica.<\/p>\n<p>El programa pret\u00e9n fer promoci\u00f3 de l\u00e2??oci saludable, tot estimulant la pr\u00e0ctica de l\u00e2??exercici f\u00edsic en el temps de lleure i donar a con\u00e8ixer recursos esportius&hellip;  <a href=\"https:\/\/agora.xtec.cat\/ies-jaumebalmes\/general\/de-marxa-fent-esport\/\" title=\"Read De marxa&#8230; fent esport!\">Llegeix m\u00e9s\u00bb<\/a><\/p>\n","protected":false},"author":3,"featured_media":0,"comment_status":"open","ping_status":"open","sticky":false,"template":"","format":"standard","meta":{"_bbp_topic_count":0,"_bbp_reply_count":0,"_bbp_total_topic_count":0,"_bbp_total_reply_count":0,"_bbp_voice_count":0,"_bbp_anonymous_reply_count":0,"_bbp_topic_count_hidden":0,"_bbp_reply_count_hidden":0,"_bbp_forum_subforum_count":0,"footnotes":""},"categories":[1],"tags":[97,100],"class_list":["post-515","post","type-post","status-publish","format-standard","hentry","category-general","tag-intraweb","tag-noticies"],"post_mailing_queue_ids":[],"_links":{"self":[{"href":"https:\/\/agora.xtec.cat\/ies-jaumebalmes\/wp-json\/wp\/v2\/posts\/515","targetHints":{"allow":["GET"]}}],"collection":[{"href":"https:\/\/agora.xtec.cat\/ies-jaumebalmes\/wp-json\/wp\/v2\/posts"}],"about":[{"href":"https:\/\/agora.xtec.cat\/ies-jaumebalmes\/wp-json\/wp\/v2\/types\/post"}],"author":[{"embeddable":true,"href":"https:\/\/agora.xtec.cat\/ies-jaumebalmes\/wp-json\/wp\/v2\/users\/3"}],"replies":[{"embeddable":true,"href":"https:\/\/agora.xtec.cat\/ies-jaumebalmes\/wp-json\/wp\/v2\/comments?post=515"}],"version-history":[{"count":0,"href":"https:\/\/agora.xtec.cat\/ies-jaumebalmes\/wp-json\/wp\/v2\/posts\/515\/revisions"}],"wp:attachment":[{"href":"https:\/\/agora.xtec.cat\/ies-jaumebalmes\/wp-json\/wp\/v2\/media?parent=515"}],"wp:term":[{"taxonomy":"category","embeddable":true,"href":"https:\/\/agora.xtec.cat\/ies-jaumebalmes\/wp-json\/wp\/v2\/categories?post=515"},{"taxonomy":"post_tag","embeddable":true,"href":"https:\/\/agora.xtec.cat\/ies-jaumebalmes\/wp-json\/wp\/v2\/tags?post=515"}],"curies":[{"name":"wp","href":"https:\/\/api.w.org\/{rel}","templated":true}]}}