{"id":513,"date":"2009-11-27T23:27:41","date_gmt":"2009-11-27T22:27:41","guid":{"rendered":"http:\/\/agora.xtec.cat\/ies-jaumebalmes\/general\/sortida-a-la-protectora-danimals-2n-deso\/"},"modified":"2009-11-27T23:27:41","modified_gmt":"2009-11-27T22:27:41","slug":"sortida-a-la-protectora-danimals-2n-deso","status":"publish","type":"post","link":"https:\/\/agora.xtec.cat\/ies-jaumebalmes\/general\/sortida-a-la-protectora-danimals-2n-deso\/","title":{"rendered":"SORTIDA A LA PROTECTORA D\u00e2??ANIMALS 2n d\u00e2??ESO"},"content":{"rendered":"<p>El dijous 12 de novembre l&#8217;alumnat de 2n d\u00e2??ESO que fa l&#8217;optativa \u00e2?? Educar en Valors\u00e2?\u009d va fer una visita a la \u00e2??Lliga Protectora d\u00e2??Animals i Plantes del Tibidabo\u00e2?\u009d.<\/p>\n<p><a href=\"\/ies-jaumebalmes\/cpg1410\/thumbnails.php?album=53\" target=\"_blank\"><img decoding=\"async\" src=\"\/ies-jaumebalmes\/cpg1410\/albums\/20091112protectora\/20091112_CIMG3467.jpg\" style=\"width: 250px; height: 185px;\" \/><\/a> <a href=\"\/ies-jaumebalmes\/cpg1410\/thumbnails.php?album=53\" target=\"_blank\"> <img decoding=\"async\" src=\"\/ies-jaumebalmes\/cpg1410\/albums\/20091112protectora\/20091112_CIMG3454.jpg\" style=\"width: 250px; height: 186px;\" \/><\/a> <\/p>\n<p>En arribar, l\u00e2??Enric, un treballador de la protectora amb el que la professora havia contactat pr\u00e8viament ens va rebre i ens va guiar per tot el recinte. Vam estar on s\u00e2??allotjaven m\u00e9s de 300 gats lliures; all\u00e0 mateix ens va explicar el funcionament de la protectora, a m\u00e9s li vam fer un q\u00fcestionari que hav\u00edem preparat pr\u00e8viament a la classe amb la In\u00e9s. A l\u00e2??acabar vam anar a visitar en primer lloc les zones dels gats on vam veure casetes amb lliteres i moltes races de gats diferents.\n<\/p>\n<p>M\u00e9s tard vam baixar a la planta dels gossos, que, al contrari dels gats si que estaven en g\u00e0bies. A cada g\u00e0bia hi havia una femella i un mascle, ja que els mascles no poden estar junts perqu\u00e8 \u00e9s barallen. Tamb\u00e9 vam poder veure una gossa amb vuit cadellets.\n<\/p>\n<p>Finalment, al marxar vam deixar els donatius que ten\u00edem preparats ( un o dos euros per persona) a m\u00e9s de llaunes de menjar per gat i gos.\n<\/p>\n<p>Va ser una visita molt interessant, ja que ens vam poder posar a la pell dels animals, alguns d\u00e2??ells no en molt bones condicions i el que poden sentir al \u00e9sser abandonats&#8230;\n<\/p>\n<p>Els professors que ens van acompanyar, el Miquel A. i la In\u00e9s F. van quedar molt contents del nostre comportament.<\/p>\n","protected":false},"excerpt":{"rendered":"<p>El dijous 12 de novembre l&#8217;alumnat de 2n d\u00e2??ESO que fa l&#8217;optativa \u00e2?? Educar en Valors\u00e2?\u009d va fer una visita a la \u00e2??Lliga Protectora d\u00e2??Animals i Plantes del Tibidabo\u00e2?\u009d.<br \/>\n<a href=\"\/ies-jaumebalmes\/cpg1410\/thumbnails.php?album=53\" target=\"_blank\"><\/a> <a href=\"\/ies-jaumebalmes\/cpg1410\/thumbnails.php?album=53\" target=\"_blank\"> <\/a><br \/>\nEn arribar, l\u00e2??Enric, un treballador de la protectora amb el&hellip;  <a href=\"https:\/\/agora.xtec.cat\/ies-jaumebalmes\/general\/sortida-a-la-protectora-danimals-2n-deso\/\" title=\"Read SORTIDA A LA PROTECTORA D\u00e2??ANIMALS 2n d\u00e2??ESO\">Llegeix m\u00e9s\u00bb<\/a><\/p>\n","protected":false},"author":3,"featured_media":0,"comment_status":"open","ping_status":"open","sticky":false,"template":"","format":"standard","meta":{"_bbp_topic_count":0,"_bbp_reply_count":0,"_bbp_total_topic_count":0,"_bbp_total_reply_count":0,"_bbp_voice_count":0,"_bbp_anonymous_reply_count":0,"_bbp_topic_count_hidden":0,"_bbp_reply_count_hidden":0,"_bbp_forum_subforum_count":0,"footnotes":""},"categories":[1],"tags":[97,100],"class_list":["post-513","post","type-post","status-publish","format-standard","hentry","category-general","tag-intraweb","tag-noticies"],"post_mailing_queue_ids":[],"_links":{"self":[{"href":"https:\/\/agora.xtec.cat\/ies-jaumebalmes\/wp-json\/wp\/v2\/posts\/513","targetHints":{"allow":["GET"]}}],"collection":[{"href":"https:\/\/agora.xtec.cat\/ies-jaumebalmes\/wp-json\/wp\/v2\/posts"}],"about":[{"href":"https:\/\/agora.xtec.cat\/ies-jaumebalmes\/wp-json\/wp\/v2\/types\/post"}],"author":[{"embeddable":true,"href":"https:\/\/agora.xtec.cat\/ies-jaumebalmes\/wp-json\/wp\/v2\/users\/3"}],"replies":[{"embeddable":true,"href":"https:\/\/agora.xtec.cat\/ies-jaumebalmes\/wp-json\/wp\/v2\/comments?post=513"}],"version-history":[{"count":0,"href":"https:\/\/agora.xtec.cat\/ies-jaumebalmes\/wp-json\/wp\/v2\/posts\/513\/revisions"}],"wp:attachment":[{"href":"https:\/\/agora.xtec.cat\/ies-jaumebalmes\/wp-json\/wp\/v2\/media?parent=513"}],"wp:term":[{"taxonomy":"category","embeddable":true,"href":"https:\/\/agora.xtec.cat\/ies-jaumebalmes\/wp-json\/wp\/v2\/categories?post=513"},{"taxonomy":"post_tag","embeddable":true,"href":"https:\/\/agora.xtec.cat\/ies-jaumebalmes\/wp-json\/wp\/v2\/tags?post=513"}],"curies":[{"name":"wp","href":"https:\/\/api.w.org\/{rel}","templated":true}]}}