{"id":508,"date":"2009-10-14T19:11:30","date_gmt":"2009-10-14T18:11:30","guid":{"rendered":"http:\/\/agora.xtec.cat\/ies-jaumebalmes\/general\/agenda-21-escolar\/"},"modified":"2009-10-14T19:11:30","modified_gmt":"2009-10-14T18:11:30","slug":"agenda-21-escolar","status":"publish","type":"post","link":"https:\/\/agora.xtec.cat\/ies-jaumebalmes\/general\/agenda-21-escolar\/","title":{"rendered":"Agenda 21 escolar"},"content":{"rendered":"<p>El passat 7 d\u00e2??octubre al sal\u00f3 de cent de l\u00e2??Ajuntament de Barcelona la nostra alumna de 2n de Batxillerat Maria Almira va signar l\u00e2??acta de comprom\u00eds i la va lliurar a la regidora com a s\u00edmbol del projecte que iniciem al nostre institut aquest curs 2009-2010. Aquesta acta forma part del comprom\u00eds per a la sostenibilitat.\n<\/p>\n<p><a href=\"http:\/\/www.xtec.cat\/ies-jaumebalmes\/imatges\/20091007_DSCN7062.jpg\"><img decoding=\"async\" src=\"http:\/\/www.xtec.cat\/ies-jaumebalmes\/imatges\/20091007_DSCN7062.jpg\" style=\"width: 250px; height: 188px;\" \/><\/a> <a href=\"http:\/\/www.xtec.cat\/ies-jaumebalmes\/imatges\/20091007_DSCN7068.jpg\" target=\"_blank\"><img decoding=\"async\" src=\"http:\/\/www.xtec.cat\/ies-jaumebalmes\/imatges\/20091007_DSCN7068.jpg\" style=\"width: 250px; height: 187px;\" \/><\/a> <\/p>\n<p>Si voleu m\u00e9s informaci\u00f3 podeu <a href=\"index.php?module=Downloads&amp;func=prep_hand_out&amp;lid=150\">consultar el document adjunt<\/a>.\n<\/p>\n<p>L&#8217;acte es va poder seguir en directe a trav\u00e9s de la <strong>retransmissi\u00f3 per internet<\/strong>. A m\u00e9s podeu veure la not\u00edcia de l&#8217;<strong>informatiu de <a target=\"_blank\" href=\"http:\/\/www.btv.cat\/alacarta\/player.php?idProgVSD=6826\">BTV <\/a><\/strong>(vegeu minut 15.20).<\/p>\n","protected":false},"excerpt":{"rendered":"<p>El passat 7 d\u00e2??octubre al sal\u00f3 de cent de l\u00e2??Ajuntament de Barcelona la nostra alumna de 2n de Batxillerat Maria Almira va signar l\u00e2??acta de comprom\u00eds i la va lliurar a la regidora com a s\u00edmbol del projecte que iniciem al nostre institut aquest curs&hellip;  <a href=\"https:\/\/agora.xtec.cat\/ies-jaumebalmes\/general\/agenda-21-escolar\/\" title=\"Read Agenda 21 escolar\">Llegeix m\u00e9s\u00bb<\/a><\/p>\n","protected":false},"author":1,"featured_media":0,"comment_status":"open","ping_status":"open","sticky":false,"template":"","format":"standard","meta":{"_bbp_topic_count":0,"_bbp_reply_count":0,"_bbp_total_topic_count":0,"_bbp_total_reply_count":0,"_bbp_voice_count":0,"_bbp_anonymous_reply_count":0,"_bbp_topic_count_hidden":0,"_bbp_reply_count_hidden":0,"_bbp_forum_subforum_count":0,"footnotes":""},"categories":[1],"tags":[97,100],"class_list":["post-508","post","type-post","status-publish","format-standard","hentry","category-general","tag-intraweb","tag-noticies"],"post_mailing_queue_ids":[],"_links":{"self":[{"href":"https:\/\/agora.xtec.cat\/ies-jaumebalmes\/wp-json\/wp\/v2\/posts\/508","targetHints":{"allow":["GET"]}}],"collection":[{"href":"https:\/\/agora.xtec.cat\/ies-jaumebalmes\/wp-json\/wp\/v2\/posts"}],"about":[{"href":"https:\/\/agora.xtec.cat\/ies-jaumebalmes\/wp-json\/wp\/v2\/types\/post"}],"author":[{"embeddable":true,"href":"https:\/\/agora.xtec.cat\/ies-jaumebalmes\/wp-json\/wp\/v2\/users\/1"}],"replies":[{"embeddable":true,"href":"https:\/\/agora.xtec.cat\/ies-jaumebalmes\/wp-json\/wp\/v2\/comments?post=508"}],"version-history":[{"count":0,"href":"https:\/\/agora.xtec.cat\/ies-jaumebalmes\/wp-json\/wp\/v2\/posts\/508\/revisions"}],"wp:attachment":[{"href":"https:\/\/agora.xtec.cat\/ies-jaumebalmes\/wp-json\/wp\/v2\/media?parent=508"}],"wp:term":[{"taxonomy":"category","embeddable":true,"href":"https:\/\/agora.xtec.cat\/ies-jaumebalmes\/wp-json\/wp\/v2\/categories?post=508"},{"taxonomy":"post_tag","embeddable":true,"href":"https:\/\/agora.xtec.cat\/ies-jaumebalmes\/wp-json\/wp\/v2\/tags?post=508"}],"curies":[{"name":"wp","href":"https:\/\/api.w.org\/{rel}","templated":true}]}}