{"id":506,"date":"2009-09-07T23:27:38","date_gmt":"2009-09-07T22:27:38","guid":{"rendered":"http:\/\/agora.xtec.cat\/ies-jaumebalmes\/general\/nota-sobre-els-llibres-de-filosofia\/"},"modified":"2009-09-07T23:27:38","modified_gmt":"2009-09-07T22:27:38","slug":"nota-sobre-els-llibres-de-filosofia","status":"publish","type":"post","link":"https:\/\/agora.xtec.cat\/ies-jaumebalmes\/general\/nota-sobre-els-llibres-de-filosofia\/","title":{"rendered":"Nota sobre els llibres de FILOSOFIA"},"content":{"rendered":"<p><strong>7\/9\/2009:<\/strong> Nota sobre els libres de text de  <strong><em>Filosofia i ciutadania<\/em><\/strong><em> <\/em>(1r de batxillerat di\u00fcrn i nocturn) i  d\u00e2??<strong><em>Hist\u00f2ria de la filosofia<\/em><\/strong> (2n de  batxillerat <strong>nom\u00e9s nocturn<\/strong>):<\/p>\n<ul>\n<li>Aquells alumnes que hagin adquirit el llibre en la versi\u00f3 en castell\u00e0 podran bescanviar-lo pr\u00f2ximament per la versi\u00f3 catalana \u00e2??si no \u00e9s que el volen expressament en aquella llengua<\/li>\n<\/ul>\n","protected":false},"excerpt":{"rendered":"<p>7\/9\/2009: Nota sobre els libres de text de  Filosofia i ciutadania (1r de batxillerat di\u00fcrn i nocturn) i  d\u00e2??Hist\u00f2ria de la filosofia (2n de  batxillerat nom\u00e9s nocturn):<\/p>\n<ul>\n<li>Aquells alumnes que hagin adquirit el llibre en la versi\u00f3 en castell\u00e0 podran bescanviar-lo pr\u00f2ximament per&hellip;  <a href=\"https:\/\/agora.xtec.cat\/ies-jaumebalmes\/general\/nota-sobre-els-llibres-de-filosofia\/\" title=\"Read Nota sobre els llibres de FILOSOFIA\">Llegeix m\u00e9s\u00bb<\/a><br \/>\n","protected":false},"author":3,"featured_media":0,"comment_status":"open","ping_status":"open","sticky":false,"template":"","format":"standard","meta":{"_bbp_topic_count":0,"_bbp_reply_count":0,"_bbp_total_topic_count":0,"_bbp_total_reply_count":0,"_bbp_voice_count":0,"_bbp_anonymous_reply_count":0,"_bbp_topic_count_hidden":0,"_bbp_reply_count_hidden":0,"_bbp_forum_subforum_count":0,"footnotes":""},"categories":[1],"tags":[97,100],"class_list":["post-506","post","type-post","status-publish","format-standard","hentry","category-general","tag-intraweb","tag-noticies"],"post_mailing_queue_ids":[],"_links":{"self":[{"href":"https:\/\/agora.xtec.cat\/ies-jaumebalmes\/wp-json\/wp\/v2\/posts\/506","targetHints":{"allow":["GET"]}}],"collection":[{"href":"https:\/\/agora.xtec.cat\/ies-jaumebalmes\/wp-json\/wp\/v2\/posts"}],"about":[{"href":"https:\/\/agora.xtec.cat\/ies-jaumebalmes\/wp-json\/wp\/v2\/types\/post"}],"author":[{"embeddable":true,"href":"https:\/\/agora.xtec.cat\/ies-jaumebalmes\/wp-json\/wp\/v2\/users\/3"}],"replies":[{"embeddable":true,"href":"https:\/\/agora.xtec.cat\/ies-jaumebalmes\/wp-json\/wp\/v2\/comments?post=506"}],"version-history":[{"count":0,"href":"https:\/\/agora.xtec.cat\/ies-jaumebalmes\/wp-json\/wp\/v2\/posts\/506\/revisions"}],"wp:attachment":[{"href":"https:\/\/agora.xtec.cat\/ies-jaumebalmes\/wp-json\/wp\/v2\/media?parent=506"}],"wp:term":[{"taxonomy":"category","embeddable":true,"href":"https:\/\/agora.xtec.cat\/ies-jaumebalmes\/wp-json\/wp\/v2\/categories?post=506"},{"taxonomy":"post_tag","embeddable":true,"href":"https:\/\/agora.xtec.cat\/ies-jaumebalmes\/wp-json\/wp\/v2\/tags?post=506"}],"curies":[{"name":"wp","href":"https:\/\/api.w.org\/{rel}","templated":true}]}}