{"id":505,"date":"2009-07-25T09:00:00","date_gmt":"2009-07-25T08:00:00","guid":{"rendered":"http:\/\/agora.xtec.cat\/ies-jaumebalmes\/general\/documents-dinici-del-curs-2009-2010\/"},"modified":"2009-07-25T09:00:00","modified_gmt":"2009-07-25T08:00:00","slug":"documents-dinici-del-curs-2009-2010","status":"publish","type":"post","link":"https:\/\/agora.xtec.cat\/ies-jaumebalmes\/general\/documents-dinici-del-curs-2009-2010\/","title":{"rendered":"Documents d&#8217;inici del curs 2009-2010"},"content":{"rendered":"<p>L&#8217;equip directiu del centre ha <strong>enviat <\/strong>per correu postal <strong>a tot l&#8217;alumnat de di\u00fcrn les informacions pr\u00e0ctiques d\u00e2??inici de curs<\/strong>, el calendari general, etc. <\/p>\n<p>Trobareu els models de la documentaci\u00f3 enviada als <strong>blocs CENTRE o MEN\u00c3?<\/strong> de l&#8217;esquerra. Secci\u00f3 <a href=\"index.php?name=UpDownload&amp;req=viewsdownload&amp;sid=30\"><strong>DOCUMENTS| DOCUMENTS P\u00c3?BLICS |DOCUMENTS inici de curs<\/strong><\/a>. En concret:<\/p>\n<table border=\"0\">\n<tbody>\n<tr>\n<td><strong>Carta a les fam\u00edlies de l&#8217;alumnat<\/strong> <\/td>\n<td><a target=\"_blank\" href=\"index.php?name=UpDownload&amp;req=getit&amp;lid=139\">1r d&#8217;ESO<\/a> <\/td>\n<td><a target=\"_blank\" href=\"index.php?name=UpDownload&amp;req=getit&amp;lid=138\">2n d&#8217;ESO<\/a> <\/td>\n<td><a target=\"_blank\" href=\"index.php?name=UpDownload&amp;req=getit&amp;lid=140\">3r d&#8217;ESO<\/a> <\/td>\n<td><a target=\"_blank\" href=\"index.php?name=UpDownload&amp;req=getit&amp;lid=136\">4t d&#8217;ESO<\/a> <\/td>\n<td><a target=\"_blank\" href=\"index.php?name=UpDownload&amp;req=getit&amp;lid=135\">1r BATX<\/a> <\/td>\n<td><a target=\"_blank\" href=\"index.php?name=UpDownload&amp;req=getit&amp;lid=134\">2n BATX<\/a> <\/td>\n<\/tr>\n<\/tbody>\n<\/table>\n<p><a target=\"_blank\" href=\"index.php?name=UpDownload&amp;req=getit&amp;lid=133\"><strong>Calendari general del curs<\/strong><\/a> <\/p>\n<p><strong>Diversos impressos:<\/strong><\/p>\n<blockquote>\n<ul>\n<li>Autoritzaci\u00f3 de la <a target=\"_blank\" href=\"index.php?name=UpDownload&amp;req=getit&amp;lid=132\">publicaci\u00f3 imatge als serveis WEB del centre i autoritzaci\u00f3 general per a les sortides<\/a> culturals.&nbsp; <\/li>\n<li>Autoritzaci\u00edo <a target=\"_blank\" href=\"index.php?name=UpDownload&amp;req=getit&amp;lid=131\">per alumnat de 3r i 4t d&#8217;ESO i BATX per sortir a \u00faltimes hores<\/a>.<\/li>\n<li>Autoritzaci\u00f3 <a target=\"_blank\" href=\"index.php?name=UpDownload&amp;req=getit&amp;lid=131\">per alumnat de Batxillerat per sortir del centre a l&#8217;hora del pati<\/a>. <\/li>\n<\/ul>\n<\/blockquote>\n<p><strong>Informaci\u00f3 sobre el programa <a target=\"_blank\" href=\"index.php?name=UpDownload&amp;req=getit&amp;lid=130\">&quot;Salut i Escola&quot;<\/a> per a l&#8217;alumnat de 3r i 4t d&#8217;ESO<\/strong><\/p>\n","protected":false},"excerpt":{"rendered":"<p>L&#8217;equip directiu del centre ha enviat per correu postal a tot l&#8217;alumnat de di\u00fcrn les informacions pr\u00e0ctiques d\u00e2??inici de curs, el calendari general, etc.<br \/>\nTrobareu els models de la documentaci\u00f3 enviada als blocs CENTRE o MEN\u00c3? de l&#8217;esquerra. Secci\u00f3 <a href=\"index.php?name=UpDownload&amp;req=viewsdownload&amp;sid=30\">DOCUMENTS| DOCUMENTS P\u00c3?BLICS |DOCUMENTS inici&hellip;  <a href=\"https:\/\/agora.xtec.cat\/ies-jaumebalmes\/general\/documents-dinici-del-curs-2009-2010\/\" title=\"Read Documents d&#8217;inici del curs 2009-2010\">Llegeix m\u00e9s\u00bb<\/a><\/p>\n","protected":false},"author":3,"featured_media":0,"comment_status":"open","ping_status":"open","sticky":false,"template":"","format":"standard","meta":{"_bbp_topic_count":0,"_bbp_reply_count":0,"_bbp_total_topic_count":0,"_bbp_total_reply_count":0,"_bbp_voice_count":0,"_bbp_anonymous_reply_count":0,"_bbp_topic_count_hidden":0,"_bbp_reply_count_hidden":0,"_bbp_forum_subforum_count":0,"footnotes":""},"categories":[1],"tags":[97,100],"class_list":["post-505","post","type-post","status-publish","format-standard","hentry","category-general","tag-intraweb","tag-noticies"],"post_mailing_queue_ids":[],"_links":{"self":[{"href":"https:\/\/agora.xtec.cat\/ies-jaumebalmes\/wp-json\/wp\/v2\/posts\/505","targetHints":{"allow":["GET"]}}],"collection":[{"href":"https:\/\/agora.xtec.cat\/ies-jaumebalmes\/wp-json\/wp\/v2\/posts"}],"about":[{"href":"https:\/\/agora.xtec.cat\/ies-jaumebalmes\/wp-json\/wp\/v2\/types\/post"}],"author":[{"embeddable":true,"href":"https:\/\/agora.xtec.cat\/ies-jaumebalmes\/wp-json\/wp\/v2\/users\/3"}],"replies":[{"embeddable":true,"href":"https:\/\/agora.xtec.cat\/ies-jaumebalmes\/wp-json\/wp\/v2\/comments?post=505"}],"version-history":[{"count":0,"href":"https:\/\/agora.xtec.cat\/ies-jaumebalmes\/wp-json\/wp\/v2\/posts\/505\/revisions"}],"wp:attachment":[{"href":"https:\/\/agora.xtec.cat\/ies-jaumebalmes\/wp-json\/wp\/v2\/media?parent=505"}],"wp:term":[{"taxonomy":"category","embeddable":true,"href":"https:\/\/agora.xtec.cat\/ies-jaumebalmes\/wp-json\/wp\/v2\/categories?post=505"},{"taxonomy":"post_tag","embeddable":true,"href":"https:\/\/agora.xtec.cat\/ies-jaumebalmes\/wp-json\/wp\/v2\/tags?post=505"}],"curies":[{"name":"wp","href":"https:\/\/api.w.org\/{rel}","templated":true}]}}