{"id":503,"date":"2009-07-01T23:46:32","date_gmt":"2009-07-01T22:46:32","guid":{"rendered":"http:\/\/agora.xtec.cat\/ies-jaumebalmes\/general\/llistat-dels-llibres-de-text-i-lectures-per-al-curs-2009-10\/"},"modified":"2009-07-01T23:46:32","modified_gmt":"2009-07-01T22:46:32","slug":"llistat-dels-llibres-de-text-i-lectures-per-al-curs-2009-10","status":"publish","type":"post","link":"https:\/\/agora.xtec.cat\/ies-jaumebalmes\/general\/llistat-dels-llibres-de-text-i-lectures-per-al-curs-2009-10\/","title":{"rendered":"Llistat dels llibres de text i lectures per al curs 2009-10"},"content":{"rendered":"<p>Trobareu el llistat&nbsp; als <strong>blocs CENTRE o MEN\u00c3?<\/strong> de l&#8217;esquerra. Secci\u00f3 <strong><a href=\"\/ies-jaumebalmes\/intranet\/index.php?module=Downloads&amp;func=sublevel&amp;cid=9&amp;start=0\">DOCUMENTS| DOCUMENTS P\u00c3?BLICS<\/a>.<\/strong> <\/p>\n<p><strong>3\/7\/2009<\/strong>: Afegit el llistat de <strong>lectures de castell\u00e0<\/strong> per al curs 2009-2010.\n<\/p>\n<p><strong>10\/7\/2009<\/strong>: Afegit el llistat de <strong>lectures d&#8217;angl\u00e8s<\/strong> per al curs 2009-2010. I un canvi molt important respecte el llistat anterior publicat el 1\/7\/2009:&quot;<strong>El Departament de Castell\u00e0 decideix que per a 2n de Batxillerat no agafar\u00e0 llibre de text de 2n de Batxillerat<\/strong>&quot;, aix\u00ed doncs es suprimeix de totes les llistes anteriorment publicades; disculpeu les mol\u00e8sties ocasionades.\n<\/p>\n<p><strong>15\/7\/2009:<\/strong> S&#8217;afegeixen els <strong>ISBN <\/strong>dels llibres de <strong>2n de Batxillerat Human\u00edstic i Ci\u00e8ncies Socials <\/strong>de les mat\u00e8ries de <strong>Geografia<\/strong> i <strong>Hist\u00f2ria de l&#8217;art<\/strong>.\n<\/p>\n<p><strong>7\/9\/2009:<\/strong> Nota sobre els libres de text de <strong><em>Filosofia i ciutadania<\/em><\/strong><em> <\/em>(1r de batxillerat di\u00fcrn i nocturn) i d\u00e2??<strong><em>Hist\u00f2ria de la filosofia<\/em><\/strong> (2n de batxillerat <strong>nom\u00e9s nocturn<\/strong>):\n<\/p>\n<ul>\n<li>Aquells alumnes que hagin adquirit el llibre en la versi\u00f3 en castell\u00e0 podran bescanviar-lo pr\u00f2ximament per la versi\u00f3 catalana \u00e2??si no \u00e9s que el volen expressament en aquella llengua<\/li>\n<\/ul>\n<p><strong>6\/10\/2009<\/strong>: Es publica el llistat de lectures obligat\u00f2ries del Departament de Llengua i Literatura catalana.<br \/><\/p>\n","protected":false},"excerpt":{"rendered":"<p>Trobareu el llistat&nbsp; als blocs CENTRE o MEN\u00c3? de l&#8217;esquerra. Secci\u00f3 <a href=\"\/ies-jaumebalmes\/intranet\/index.php?module=Downloads&amp;func=sublevel&amp;cid=9&amp;start=0\">DOCUMENTS| DOCUMENTS P\u00c3?BLICS<\/a>.<br \/>\n3\/7\/2009: Afegit el llistat de lectures de castell\u00e0 per al curs 2009-2010.<\/p>\n<p>10\/7\/2009: Afegit el llistat de lectures d&#8217;angl\u00e8s per al curs 2009-2010. I un canvi molt important respecte el llistat&hellip;  <a href=\"https:\/\/agora.xtec.cat\/ies-jaumebalmes\/general\/llistat-dels-llibres-de-text-i-lectures-per-al-curs-2009-10\/\" title=\"Read Llistat dels llibres de text i lectures per al curs 2009-10\">Llegeix m\u00e9s\u00bb<\/a><\/p>\n","protected":false},"author":3,"featured_media":0,"comment_status":"open","ping_status":"open","sticky":false,"template":"","format":"standard","meta":{"_bbp_topic_count":0,"_bbp_reply_count":0,"_bbp_total_topic_count":0,"_bbp_total_reply_count":0,"_bbp_voice_count":0,"_bbp_anonymous_reply_count":0,"_bbp_topic_count_hidden":0,"_bbp_reply_count_hidden":0,"_bbp_forum_subforum_count":0,"footnotes":""},"categories":[1],"tags":[97,100],"class_list":["post-503","post","type-post","status-publish","format-standard","hentry","category-general","tag-intraweb","tag-noticies"],"post_mailing_queue_ids":[],"_links":{"self":[{"href":"https:\/\/agora.xtec.cat\/ies-jaumebalmes\/wp-json\/wp\/v2\/posts\/503","targetHints":{"allow":["GET"]}}],"collection":[{"href":"https:\/\/agora.xtec.cat\/ies-jaumebalmes\/wp-json\/wp\/v2\/posts"}],"about":[{"href":"https:\/\/agora.xtec.cat\/ies-jaumebalmes\/wp-json\/wp\/v2\/types\/post"}],"author":[{"embeddable":true,"href":"https:\/\/agora.xtec.cat\/ies-jaumebalmes\/wp-json\/wp\/v2\/users\/3"}],"replies":[{"embeddable":true,"href":"https:\/\/agora.xtec.cat\/ies-jaumebalmes\/wp-json\/wp\/v2\/comments?post=503"}],"version-history":[{"count":0,"href":"https:\/\/agora.xtec.cat\/ies-jaumebalmes\/wp-json\/wp\/v2\/posts\/503\/revisions"}],"wp:attachment":[{"href":"https:\/\/agora.xtec.cat\/ies-jaumebalmes\/wp-json\/wp\/v2\/media?parent=503"}],"wp:term":[{"taxonomy":"category","embeddable":true,"href":"https:\/\/agora.xtec.cat\/ies-jaumebalmes\/wp-json\/wp\/v2\/categories?post=503"},{"taxonomy":"post_tag","embeddable":true,"href":"https:\/\/agora.xtec.cat\/ies-jaumebalmes\/wp-json\/wp\/v2\/tags?post=503"}],"curies":[{"name":"wp","href":"https:\/\/api.w.org\/{rel}","templated":true}]}}