{"id":502,"date":"2009-06-03T11:44:46","date_gmt":"2009-06-03T10:44:46","guid":{"rendered":"http:\/\/agora.xtec.cat\/ies-jaumebalmes\/general\/fotos-acampada-cursa-dorientacio-i-triatlo\/"},"modified":"2009-06-03T11:44:46","modified_gmt":"2009-06-03T10:44:46","slug":"fotos-acampada-cursa-dorientacio-i-triatlo","status":"publish","type":"post","link":"https:\/\/agora.xtec.cat\/ies-jaumebalmes\/general\/fotos-acampada-cursa-dorientacio-i-triatlo\/","title":{"rendered":"Fotos acampada, cursa d&#8217;orientaci\u00f3 i triatl\u00f3"},"content":{"rendered":"<p><strong><strong>Ja teniu disponible<\/strong><\/strong> una selecci\u00f3 de les fotos de les diverses<strong> activitats del Departament d&#8217;Educaci\u00f3 F\u00edsica durant el mes de maig&nbsp; 2009:<\/strong> Acampada a N\u00faria de 4t dESO (21 i 22 de maig) i la cursa d&#8217;orientaci\u00f3 al Parc de l&#8217;Oreneta de 2n d&#8217;ESO (28 de maig).<\/p>\n<p>I des del 7\/6 tamb\u00e9 de la Triatl\u00f3 de 1r d&#8217;ESO que es va fer el dia 2 de juny. <\/p>\n<table border=\"0\">\n<tbody>\n<tr>\n<td><a target=\"_blank\" href=\"\/ies-jaumebalmes\/cpg1410\/thumbnails.php?album=49\"><img decoding=\"async\" title=\"Cursa orientaci\u00f3 2009\" alt=\"Cursa orientaci\u00f3 2009\" src=\"\/ies-jaumebalmes\/cpg1410\/albums\/200905Orientacio\/normal_20090528_DSCN5979.jpg\" \/><\/a> <\/td>\n<td>\n<p> <a target=\"_blank\" href=\"\/ies-jaumebalmes\/cpg1410\/thumbnails.php?album=48\"><img decoding=\"async\" title=\"Acampada 2009\" alt=\"Acampada 2009\" src=\"\/ies-jaumebalmes\/cpg1410\/albums\/200905Acampada\/normal_200905_P1010087.jpg\" \/><\/a> <\/p>\n<\/td>\n<\/tr>\n<tr>\n<td> <a target=\"_blank\" href=\"\/ies-jaumebalmes\/cpg1410\/thumbnails.php?album=50\"><img decoding=\"async\" title=\"Triatl\u00f3 2009 (1r d'ESO)\" alt=\"Triatl\u00f3 2009 (1r d'ESO)\" src=\"\/ies-jaumebalmes\/cpg1410\/albums\/200906triatlo\/normal_200906_DSCN6070.jpg\" \/><\/a><\/td>\n<td> <\/td>\n<\/tr>\n<\/tbody>\n<\/table>\n<p>Recordeu que a <strong>la galeria multim\u00e8dia es<\/strong> pot accedir de dues formes: <\/p>\n<blockquote>\n<ol>\n<li><strong>Si no us identifiqueu<\/strong>&nbsp; a la IntraWeb nom\u00e9s podreu accedir per <a target=\"_blank\" href=\"\/ies-jaumebalmes\/cpg1410\/index.php\"><strong>EL CENTRE | GALERIA MULTIM\u00c3?DIA.<\/strong><\/a> En aquest cas nom\u00e9s podreu veure el que hi ha. <\/li>\n<li><strong>Si us identifiqueu a la IntraWeb <\/strong>podreu tamb\u00e9 accedir per <strong><a href=\"index.php?name=pnCPG\">MEN\u00c3? | GALERIA MULTIM\u00c3?DIA<\/a><\/strong>. En aquest cas a m\u00e9s de veure el que hi ha,&nbsp; podreu votar les fotos, comentar-les i enviar postals amb elles.<\/li>\n<\/ol>\n<\/blockquote>\n","protected":false},"excerpt":{"rendered":"<p>Ja teniu disponible una selecci\u00f3 de les fotos de les diverses activitats del Departament d&#8217;Educaci\u00f3 F\u00edsica durant el mes de maig&nbsp; 2009: Acampada a N\u00faria de 4t dESO (21 i 22 de maig) i la cursa d&#8217;orientaci\u00f3 al Parc de l&#8217;Oreneta de 2n d&#8217;ESO (28&hellip;  <a href=\"https:\/\/agora.xtec.cat\/ies-jaumebalmes\/general\/fotos-acampada-cursa-dorientacio-i-triatlo\/\" title=\"Read Fotos acampada, cursa d&#8217;orientaci\u00f3 i triatl\u00f3\">Llegeix m\u00e9s\u00bb<\/a><\/p>\n","protected":false},"author":3,"featured_media":0,"comment_status":"open","ping_status":"open","sticky":false,"template":"","format":"standard","meta":{"_bbp_topic_count":0,"_bbp_reply_count":0,"_bbp_total_topic_count":0,"_bbp_total_reply_count":0,"_bbp_voice_count":0,"_bbp_anonymous_reply_count":0,"_bbp_topic_count_hidden":0,"_bbp_reply_count_hidden":0,"_bbp_forum_subforum_count":0,"footnotes":""},"categories":[1],"tags":[97,100],"class_list":["post-502","post","type-post","status-publish","format-standard","hentry","category-general","tag-intraweb","tag-noticies"],"post_mailing_queue_ids":[],"_links":{"self":[{"href":"https:\/\/agora.xtec.cat\/ies-jaumebalmes\/wp-json\/wp\/v2\/posts\/502","targetHints":{"allow":["GET"]}}],"collection":[{"href":"https:\/\/agora.xtec.cat\/ies-jaumebalmes\/wp-json\/wp\/v2\/posts"}],"about":[{"href":"https:\/\/agora.xtec.cat\/ies-jaumebalmes\/wp-json\/wp\/v2\/types\/post"}],"author":[{"embeddable":true,"href":"https:\/\/agora.xtec.cat\/ies-jaumebalmes\/wp-json\/wp\/v2\/users\/3"}],"replies":[{"embeddable":true,"href":"https:\/\/agora.xtec.cat\/ies-jaumebalmes\/wp-json\/wp\/v2\/comments?post=502"}],"version-history":[{"count":0,"href":"https:\/\/agora.xtec.cat\/ies-jaumebalmes\/wp-json\/wp\/v2\/posts\/502\/revisions"}],"wp:attachment":[{"href":"https:\/\/agora.xtec.cat\/ies-jaumebalmes\/wp-json\/wp\/v2\/media?parent=502"}],"wp:term":[{"taxonomy":"category","embeddable":true,"href":"https:\/\/agora.xtec.cat\/ies-jaumebalmes\/wp-json\/wp\/v2\/categories?post=502"},{"taxonomy":"post_tag","embeddable":true,"href":"https:\/\/agora.xtec.cat\/ies-jaumebalmes\/wp-json\/wp\/v2\/tags?post=502"}],"curies":[{"name":"wp","href":"https:\/\/api.w.org\/{rel}","templated":true}]}}